{"id":10390,"date":"2023-09-18T10:19:57","date_gmt":"2023-09-18T08:19:57","guid":{"rendered":"https:\/\/www.bz-bodnegg.de\/?p=10390"},"modified":"2023-09-18T10:23:42","modified_gmt":"2023-09-18T08:23:42","slug":"4-jahres-abo-start-in-der-1-klasse","status":"publish","type":"post","link":"https:\/\/www.bz-bodnegg.de\/?p=10390","title":{"rendered":"4 Jahres Abo &#8211; Start in der &#8222;1. Klasse&#8220;"},"content":{"rendered":"\n<figure class=\"wp-block-gallery has-nested-images columns-default is-cropped wp-block-gallery-1 is-layout-flex wp-block-gallery-is-layout-flex\">\n<figure class=\"wp-block-image size-large\"><a href=\"https:\/\/www.bz-bodnegg.de\/wp-content\/uploads\/2023\/09\/IMG_4955.jpg\"><img loading=\"lazy\" decoding=\"async\" width=\"1024\" height=\"576\" data-id=\"10388\" src=\"https:\/\/www.bz-bodnegg.de\/wp-content\/uploads\/2023\/09\/IMG_4955-1024x576.jpg\" alt=\"\" class=\"wp-image-10388\" srcset=\"https:\/\/www.bz-bodnegg.de\/wp-content\/uploads\/2023\/09\/IMG_4955-1024x576.jpg 1024w, https:\/\/www.bz-bodnegg.de\/wp-content\/uploads\/2023\/09\/IMG_4955-300x169.jpg 300w, https:\/\/www.bz-bodnegg.de\/wp-content\/uploads\/2023\/09\/IMG_4955-768x432.jpg 768w, https:\/\/www.bz-bodnegg.de\/wp-content\/uploads\/2023\/09\/IMG_4955-1536x864.jpg 1536w, https:\/\/www.bz-bodnegg.de\/wp-content\/uploads\/2023\/09\/IMG_4955-624x351.jpg 624w, https:\/\/www.bz-bodnegg.de\/wp-content\/uploads\/2023\/09\/IMG_4955.jpg 2016w\" sizes=\"auto, (max-width: 1024px) 100vw, 1024px\" \/><\/a><\/figure>\n\n\n\n<figure class=\"wp-block-image size-large\"><a href=\"https:\/\/www.bz-bodnegg.de\/wp-content\/uploads\/2023\/09\/IMG_4951.jpg\"><img loading=\"lazy\" decoding=\"async\" width=\"1024\" height=\"576\" data-id=\"10389\" src=\"https:\/\/www.bz-bodnegg.de\/wp-content\/uploads\/2023\/09\/IMG_4951-1024x576.jpg\" alt=\"\" class=\"wp-image-10389\" srcset=\"https:\/\/www.bz-bodnegg.de\/wp-content\/uploads\/2023\/09\/IMG_4951-1024x576.jpg 1024w, https:\/\/www.bz-bodnegg.de\/wp-content\/uploads\/2023\/09\/IMG_4951-300x169.jpg 300w, https:\/\/www.bz-bodnegg.de\/wp-content\/uploads\/2023\/09\/IMG_4951-768x432.jpg 768w, https:\/\/www.bz-bodnegg.de\/wp-content\/uploads\/2023\/09\/IMG_4951-1536x864.jpg 1536w, https:\/\/www.bz-bodnegg.de\/wp-content\/uploads\/2023\/09\/IMG_4951-624x351.jpg 624w, https:\/\/www.bz-bodnegg.de\/wp-content\/uploads\/2023\/09\/IMG_4951.jpg 2016w\" sizes=\"auto, (max-width: 1024px) 100vw, 1024px\" \/><\/a><\/figure>\n\n\n\n<figure class=\"wp-block-image size-large\"><a href=\"https:\/\/www.bz-bodnegg.de\/wp-content\/uploads\/2023\/09\/IMG_4956.jpg\"><img loading=\"lazy\" decoding=\"async\" width=\"1024\" height=\"576\" data-id=\"10387\" src=\"https:\/\/www.bz-bodnegg.de\/wp-content\/uploads\/2023\/09\/IMG_4956-1024x576.jpg\" alt=\"\" class=\"wp-image-10387\" srcset=\"https:\/\/www.bz-bodnegg.de\/wp-content\/uploads\/2023\/09\/IMG_4956-1024x576.jpg 1024w, https:\/\/www.bz-bodnegg.de\/wp-content\/uploads\/2023\/09\/IMG_4956-300x169.jpg 300w, https:\/\/www.bz-bodnegg.de\/wp-content\/uploads\/2023\/09\/IMG_4956-768x432.jpg 768w, https:\/\/www.bz-bodnegg.de\/wp-content\/uploads\/2023\/09\/IMG_4956-1536x864.jpg 1536w, https:\/\/www.bz-bodnegg.de\/wp-content\/uploads\/2023\/09\/IMG_4956-624x351.jpg 624w, https:\/\/www.bz-bodnegg.de\/wp-content\/uploads\/2023\/09\/IMG_4956.jpg 2016w\" sizes=\"auto, (max-width: 1024px) 100vw, 1024px\" \/><\/a><\/figure>\n\n\n\n<figure class=\"wp-block-image size-large\"><a href=\"https:\/\/www.bz-bodnegg.de\/wp-content\/uploads\/2023\/09\/1a_BoH-scaled.jpg\"><img loading=\"lazy\" decoding=\"async\" width=\"1024\" height=\"576\" data-id=\"10386\" src=\"https:\/\/www.bz-bodnegg.de\/wp-content\/uploads\/2023\/09\/1a_BoH-1024x576.jpg\" alt=\"\" class=\"wp-image-10386\" srcset=\"https:\/\/www.bz-bodnegg.de\/wp-content\/uploads\/2023\/09\/1a_BoH-1024x576.jpg 1024w, https:\/\/www.bz-bodnegg.de\/wp-content\/uploads\/2023\/09\/1a_BoH-300x169.jpg 300w, https:\/\/www.bz-bodnegg.de\/wp-content\/uploads\/2023\/09\/1a_BoH-768x432.jpg 768w, https:\/\/www.bz-bodnegg.de\/wp-content\/uploads\/2023\/09\/1a_BoH-1536x864.jpg 1536w, https:\/\/www.bz-bodnegg.de\/wp-content\/uploads\/2023\/09\/1a_BoH-2048x1152.jpg 2048w, https:\/\/www.bz-bodnegg.de\/wp-content\/uploads\/2023\/09\/1a_BoH-624x351.jpg 624w\" sizes=\"auto, (max-width: 1024px) 100vw, 1024px\" \/><\/a><\/figure>\n\n\n\n<figure class=\"wp-block-image size-large\"><a href=\"https:\/\/www.bz-bodnegg.de\/wp-content\/uploads\/2023\/09\/1b_MueM-scaled.jpg\"><img loading=\"lazy\" decoding=\"async\" width=\"1024\" height=\"576\" data-id=\"10385\" src=\"https:\/\/www.bz-bodnegg.de\/wp-content\/uploads\/2023\/09\/1b_MueM-1024x576.jpg\" alt=\"\" class=\"wp-image-10385\" srcset=\"https:\/\/www.bz-bodnegg.de\/wp-content\/uploads\/2023\/09\/1b_MueM-1024x576.jpg 1024w, https:\/\/www.bz-bodnegg.de\/wp-content\/uploads\/2023\/09\/1b_MueM-300x169.jpg 300w, https:\/\/www.bz-bodnegg.de\/wp-content\/uploads\/2023\/09\/1b_MueM-768x432.jpg 768w, https:\/\/www.bz-bodnegg.de\/wp-content\/uploads\/2023\/09\/1b_MueM-1536x864.jpg 1536w, https:\/\/www.bz-bodnegg.de\/wp-content\/uploads\/2023\/09\/1b_MueM-2048x1152.jpg 2048w, https:\/\/www.bz-bodnegg.de\/wp-content\/uploads\/2023\/09\/1b_MueM-624x351.jpg 624w\" sizes=\"auto, (max-width: 1024px) 100vw, 1024px\" \/><\/a><\/figure>\n<\/figure>\n\n\n\n<p>Der feierlichen Aufnahme in den neuen Lebensabschnitt wohnten am Samstag drei\u00dfig aufgeregte und gl\u00fcckliche Erstkl\u00e4ssler*innen, deren Eltern und Verwandte in der Festhalle bei. Die Zweitkl\u00e4ssler*innen nahmen die neuen 1er mit auf eine Flugreise und zeigten ihnen auf, was sie nun erwartete. Gekonnt spielten sie eine Szene an Bord des Flugzeuges nach und pr\u00e4sentierten allerhand originelle und erheiternde Momente &#8211; nicht nur f\u00fcr Kinder. Nach der Landung begr\u00fc\u00dfte die Klasse 2a ihre Nachfolger noch mit einem Lied. Anhand ihrer Bordkarten wurden anschlie\u00dfend die 1er bei der Begr\u00fc\u00dfung durch Schulleiter Alexander Matt auf die B\u00fchne gerufen. Fehlen durften die neuen Flugbegleiter nicht: Helge Bogensch\u00fctz f\u00fcr die 1a und Maria M\u00fcller f\u00fcr die 1b. Auf den Tragfl\u00fcgeln des gro\u00dfen Flugzeuges sitzend erhielten alle die traditionelle Bordverpflegung &#8211; die gebackene Laugeneins. Nun konnte es starten &#8211; das 4 Jahres Abo in der Grundschule. Alle liefen gespannt in ihr neues Klassenzimmer w\u00e4hrend die Eltern und Verwandten auf dem Pausenhof von den Eltern der Zweitkl\u00e4ssler bewirtet wurden und warteten, bis die ersten Schult\u00fcten, Ranzen und viele gl\u00fcckliche Kinder zum ersten Mal das Schulhaus wieder verlie\u00dfen.<\/p>\n","protected":false},"excerpt":{"rendered":"<p>Der feierlichen Aufnahme in den neuen Lebensabschnitt wohnten am Samstag drei\u00dfig aufgeregte und gl\u00fcckliche Erstkl\u00e4ssler*innen, deren Eltern und Verwandte in der Festhalle bei. Die Zweitkl\u00e4ssler*innen nahmen die neuen 1er mit auf eine Flugreise und zeigten ihnen auf, was sie nun erwartete. Gekonnt spielten sie eine Szene an Bord des Flugzeuges nach und pr\u00e4sentierten allerhand originelle [&hellip;]<\/p>\n","protected":false},"author":4,"featured_media":0,"comment_status":"closed","ping_status":"closed","sticky":false,"template":"","format":"standard","meta":{"footnotes":""},"categories":[1],"tags":[],"class_list":["post-10390","post","type-post","status-publish","format-standard","hentry","category-allgemein"],"_links":{"self":[{"href":"https:\/\/www.bz-bodnegg.de\/index.php?rest_route=\/wp\/v2\/posts\/10390","targetHints":{"allow":["GET"]}}],"collection":[{"href":"https:\/\/www.bz-bodnegg.de\/index.php?rest_route=\/wp\/v2\/posts"}],"about":[{"href":"https:\/\/www.bz-bodnegg.de\/index.php?rest_route=\/wp\/v2\/types\/post"}],"author":[{"embeddable":true,"href":"https:\/\/www.bz-bodnegg.de\/index.php?rest_route=\/wp\/v2\/users\/4"}],"replies":[{"embeddable":true,"href":"https:\/\/www.bz-bodnegg.de\/index.php?rest_route=%2Fwp%2Fv2%2Fcomments&post=10390"}],"version-history":[{"count":3,"href":"https:\/\/www.bz-bodnegg.de\/index.php?rest_route=\/wp\/v2\/posts\/10390\/revisions"}],"predecessor-version":[{"id":10395,"href":"https:\/\/www.bz-bodnegg.de\/index.php?rest_route=\/wp\/v2\/posts\/10390\/revisions\/10395"}],"wp:attachment":[{"href":"https:\/\/www.bz-bodnegg.de\/index.php?rest_route=%2Fwp%2Fv2%2Fmedia&parent=10390"}],"wp:term":[{"taxonomy":"category","embeddable":true,"href":"https:\/\/www.bz-bodnegg.de\/index.php?rest_route=%2Fwp%2Fv2%2Fcategories&post=10390"},{"taxonomy":"post_tag","embeddable":true,"href":"https:\/\/www.bz-bodnegg.de\/index.php?rest_route=%2Fwp%2Fv2%2Ftags&post=10390"}],"curies":[{"name":"wp","href":"https:\/\/api.w.org\/{rel}","templated":true}]}}