{"id":10617,"date":"2023-11-13T15:53:21","date_gmt":"2023-11-13T13:53:21","guid":{"rendered":"https:\/\/www.bz-bodnegg.de\/?p=10617"},"modified":"2023-11-28T14:43:59","modified_gmt":"2023-11-28T12:43:59","slug":"zukunftsperspektive-mal-ganz-anders","status":"publish","type":"post","link":"https:\/\/www.bz-bodnegg.de\/?p=10617","title":{"rendered":"Zukunftsperspektive mal ganz anders"},"content":{"rendered":"\n<figure class=\"wp-block-gallery has-nested-images columns-4 is-cropped wp-block-gallery-1 is-layout-flex wp-block-gallery-is-layout-flex\">\n<figure class=\"wp-block-image size-large\"><a href=\"https:\/\/www.bz-bodnegg.de\/wp-content\/uploads\/2023\/11\/1-oc-scaled.jpg\"><img loading=\"lazy\" decoding=\"async\" width=\"1024\" height=\"485\" data-id=\"10627\" src=\"https:\/\/www.bz-bodnegg.de\/wp-content\/uploads\/2023\/11\/1-oc-1024x485.jpg\" alt=\"\" class=\"wp-image-10627\" srcset=\"https:\/\/www.bz-bodnegg.de\/wp-content\/uploads\/2023\/11\/1-oc-1024x485.jpg 1024w, https:\/\/www.bz-bodnegg.de\/wp-content\/uploads\/2023\/11\/1-oc-300x142.jpg 300w, https:\/\/www.bz-bodnegg.de\/wp-content\/uploads\/2023\/11\/1-oc-768x363.jpg 768w, https:\/\/www.bz-bodnegg.de\/wp-content\/uploads\/2023\/11\/1-oc-1536x727.jpg 1536w, https:\/\/www.bz-bodnegg.de\/wp-content\/uploads\/2023\/11\/1-oc-2048x969.jpg 2048w, https:\/\/www.bz-bodnegg.de\/wp-content\/uploads\/2023\/11\/1-oc-624x295.jpg 624w\" sizes=\"auto, (max-width: 1024px) 100vw, 1024px\" \/><\/a><\/figure>\n\n\n\n<figure class=\"wp-block-image size-large\"><a href=\"https:\/\/www.bz-bodnegg.de\/wp-content\/uploads\/2023\/11\/IMG_6060-scaled.jpg\"><img loading=\"lazy\" decoding=\"async\" width=\"768\" height=\"1024\" data-id=\"10615\" src=\"https:\/\/www.bz-bodnegg.de\/wp-content\/uploads\/2023\/11\/IMG_6060-768x1024.jpg\" alt=\"\" class=\"wp-image-10615\" srcset=\"https:\/\/www.bz-bodnegg.de\/wp-content\/uploads\/2023\/11\/IMG_6060-768x1024.jpg 768w, https:\/\/www.bz-bodnegg.de\/wp-content\/uploads\/2023\/11\/IMG_6060-225x300.jpg 225w, https:\/\/www.bz-bodnegg.de\/wp-content\/uploads\/2023\/11\/IMG_6060-1152x1536.jpg 1152w, https:\/\/www.bz-bodnegg.de\/wp-content\/uploads\/2023\/11\/IMG_6060-1536x2048.jpg 1536w, https:\/\/www.bz-bodnegg.de\/wp-content\/uploads\/2023\/11\/IMG_6060-624x832.jpg 624w, https:\/\/www.bz-bodnegg.de\/wp-content\/uploads\/2023\/11\/IMG_6060-scaled.jpg 1920w\" sizes=\"auto, (max-width: 768px) 100vw, 768px\" \/><\/a><\/figure>\n\n\n\n<figure class=\"wp-block-image size-large\"><a href=\"https:\/\/www.bz-bodnegg.de\/wp-content\/uploads\/2023\/11\/IMG_6062-scaled.jpg\"><img loading=\"lazy\" decoding=\"async\" width=\"768\" height=\"1024\" data-id=\"10616\" src=\"https:\/\/www.bz-bodnegg.de\/wp-content\/uploads\/2023\/11\/IMG_6062-768x1024.jpg\" alt=\"\" class=\"wp-image-10616\" srcset=\"https:\/\/www.bz-bodnegg.de\/wp-content\/uploads\/2023\/11\/IMG_6062-768x1024.jpg 768w, https:\/\/www.bz-bodnegg.de\/wp-content\/uploads\/2023\/11\/IMG_6062-225x300.jpg 225w, https:\/\/www.bz-bodnegg.de\/wp-content\/uploads\/2023\/11\/IMG_6062-1152x1536.jpg 1152w, https:\/\/www.bz-bodnegg.de\/wp-content\/uploads\/2023\/11\/IMG_6062-1536x2048.jpg 1536w, https:\/\/www.bz-bodnegg.de\/wp-content\/uploads\/2023\/11\/IMG_6062-624x832.jpg 624w, https:\/\/www.bz-bodnegg.de\/wp-content\/uploads\/2023\/11\/IMG_6062-scaled.jpg 1920w\" sizes=\"auto, (max-width: 768px) 100vw, 768px\" \/><\/a><\/figure>\n\n\n\n<figure class=\"wp-block-image size-large\"><a href=\"https:\/\/www.bz-bodnegg.de\/wp-content\/uploads\/2023\/11\/3-oc-scaled.jpg\"><img loading=\"lazy\" decoding=\"async\" width=\"1024\" height=\"485\" data-id=\"10625\" src=\"https:\/\/www.bz-bodnegg.de\/wp-content\/uploads\/2023\/11\/3-oc-1024x485.jpg\" alt=\"\" class=\"wp-image-10625\" srcset=\"https:\/\/www.bz-bodnegg.de\/wp-content\/uploads\/2023\/11\/3-oc-1024x485.jpg 1024w, https:\/\/www.bz-bodnegg.de\/wp-content\/uploads\/2023\/11\/3-oc-300x142.jpg 300w, https:\/\/www.bz-bodnegg.de\/wp-content\/uploads\/2023\/11\/3-oc-768x363.jpg 768w, https:\/\/www.bz-bodnegg.de\/wp-content\/uploads\/2023\/11\/3-oc-1536x727.jpg 1536w, https:\/\/www.bz-bodnegg.de\/wp-content\/uploads\/2023\/11\/3-oc-2048x969.jpg 2048w, https:\/\/www.bz-bodnegg.de\/wp-content\/uploads\/2023\/11\/3-oc-624x295.jpg 624w\" sizes=\"auto, (max-width: 1024px) 100vw, 1024px\" \/><\/a><\/figure>\n<\/figure>\n\n\n\n<p>Wer die Schulzeit bereits hinter sich hat, der wei\u00df bestimmt noch, wie das in den mittleren Klassen 7 und 8 so war: Ein einziges Wechselbad der Gef\u00fchle. Mal geht alles gut, mal steht die Welt Kopf und pl\u00f6tzlich f\u00fchlt man sich vom einen auf den anderen Moment orientierungslos. Die Schule und das Elternhaus unterst\u00fctzten zwar, doch wie w\u00e4re es mit einer noch unbekannten Hilfe mit ganz anderem Konzept? Genau diese L\u00fccke hat der Motivationscoach Osman Citir f\u00fcr sich entdeckt und bot mit dem B\u00fchnenprogramm \u201eVoll motiviert \u2013 Zukunft mit Perspektive\u201c den Bodnegger 7er- und 8er-Klassen eine ganz und gar ungew\u00f6hnliche Show in der Festhalle.<\/p>\n\n\n\n<!--more-->\n\n\n\n<p>Wer dachte, sich im Mix aus Stand-up-Comedy und Motivationsprogramm einfach zur\u00fcckzulehnen, der hatte falsch gedacht: Keiner konnte sich sicher sein, ob er oder sie vom Motivator nicht spontan in die Show einbezogen wurde. Und sei es nur wegen des eigenen Namens, der Stimme oder der erfragten Herkunft. Citir nahm so ziemlich alles zur Vorlage und f\u00fchrte es ad absurdum. Doch sollte dies erst der Anfang sein: Eigentlich ging es darum, die Sch\u00fcler auf seine Seite zu ziehen und der Veranstaltung eine lockere Atmosph\u00e4re zu verpassen. Mit Erfolg, denn im weiteren Verlauf hatte der Motivationscoach die Sch\u00fcler nahezu komplett f\u00fcr sich gewonnen.<br><br>Citir erz\u00e4hlte viel aus seinem eigenen Leben und welche Einstellungen r\u00fcckblickend zu seinem gro\u00dfen Erfolg f\u00fchrten. Wer zum Beispiel st\u00e4ndig davon tr\u00e4umen w\u00fcrde, was man alles machen k\u00f6nne, der w\u00fcrde es nie machen. Vielmehr ginge es darum, die eigenen St\u00e4rken zu kennen, auf ihnen aufzubauen und Ideen sofort in die Tat umzusetzen, anstatt sie nur als unerf\u00fcllte W\u00fcnsche mit sich herumzutragen. Ohne dass sie es unmittelbar merkten, ging es f\u00fcr die Sch\u00fcler aber nicht nur um Motivation, sondern auch um Demokratie, Rassismus, Gewalt, Mobbing und friedvolles Zusammenleben. Im Anschluss gab es einen vertiefenden Workshop. Organisiert wurde der Vormittag durch unsere Schulsozialarbeiterin Frau Dvorski und unsere Berufswahlbegleiterin Frau Kuhn-Schwarz. <strong>Die Veranstaltung wurde durch das Bundesprogramm &#8222;Demokratie leben&#8220; und unserer F\u00f6rdergemeinschaft finanziert. Herzlichen Dank!<\/strong><br><br><br><\/p>\n","protected":false},"excerpt":{"rendered":"<p>Wer die Schulzeit bereits hinter sich hat, der wei\u00df bestimmt noch, wie das in den mittleren Klassen 7 und 8 so war: Ein einziges Wechselbad der Gef\u00fchle. Mal geht alles gut, mal steht die Welt Kopf und pl\u00f6tzlich f\u00fchlt man sich vom einen auf den anderen Moment orientierungslos. Die Schule und das Elternhaus unterst\u00fctzten zwar, [&hellip;]<\/p>\n","protected":false},"author":4,"featured_media":0,"comment_status":"closed","ping_status":"closed","sticky":false,"template":"","format":"standard","meta":{"footnotes":""},"categories":[1],"tags":[],"class_list":["post-10617","post","type-post","status-publish","format-standard","hentry","category-allgemein"],"_links":{"self":[{"href":"https:\/\/www.bz-bodnegg.de\/index.php?rest_route=\/wp\/v2\/posts\/10617","targetHints":{"allow":["GET"]}}],"collection":[{"href":"https:\/\/www.bz-bodnegg.de\/index.php?rest_route=\/wp\/v2\/posts"}],"about":[{"href":"https:\/\/www.bz-bodnegg.de\/index.php?rest_route=\/wp\/v2\/types\/post"}],"author":[{"embeddable":true,"href":"https:\/\/www.bz-bodnegg.de\/index.php?rest_route=\/wp\/v2\/users\/4"}],"replies":[{"embeddable":true,"href":"https:\/\/www.bz-bodnegg.de\/index.php?rest_route=%2Fwp%2Fv2%2Fcomments&post=10617"}],"version-history":[{"count":3,"href":"https:\/\/www.bz-bodnegg.de\/index.php?rest_route=\/wp\/v2\/posts\/10617\/revisions"}],"predecessor-version":[{"id":10698,"href":"https:\/\/www.bz-bodnegg.de\/index.php?rest_route=\/wp\/v2\/posts\/10617\/revisions\/10698"}],"wp:attachment":[{"href":"https:\/\/www.bz-bodnegg.de\/index.php?rest_route=%2Fwp%2Fv2%2Fmedia&parent=10617"}],"wp:term":[{"taxonomy":"category","embeddable":true,"href":"https:\/\/www.bz-bodnegg.de\/index.php?rest_route=%2Fwp%2Fv2%2Fcategories&post=10617"},{"taxonomy":"post_tag","embeddable":true,"href":"https:\/\/www.bz-bodnegg.de\/index.php?rest_route=%2Fwp%2Fv2%2Ftags&post=10617"}],"curies":[{"name":"wp","href":"https:\/\/api.w.org\/{rel}","templated":true}]}}