{"id":10689,"date":"2023-11-24T14:28:31","date_gmt":"2023-11-24T12:28:31","guid":{"rendered":"https:\/\/www.bz-bodnegg.de\/?p=10689"},"modified":"2023-11-24T14:29:46","modified_gmt":"2023-11-24T12:29:46","slug":"berlinfahrt-2023","status":"publish","type":"post","link":"https:\/\/www.bz-bodnegg.de\/?p=10689","title":{"rendered":"Berlinfahrt 2023"},"content":{"rendered":"\n<figure class=\"wp-block-gallery has-nested-images columns-default is-cropped wp-block-gallery-1 is-layout-flex wp-block-gallery-is-layout-flex\">\n<figure class=\"wp-block-image size-large\"><a href=\"https:\/\/www.bz-bodnegg.de\/wp-content\/uploads\/2023\/11\/20231120_133914-scaled.jpg\"><img loading=\"lazy\" decoding=\"async\" width=\"1024\" height=\"752\" data-id=\"10686\" src=\"https:\/\/www.bz-bodnegg.de\/wp-content\/uploads\/2023\/11\/20231120_133914-1024x752.jpg\" alt=\"\" class=\"wp-image-10686\" srcset=\"https:\/\/www.bz-bodnegg.de\/wp-content\/uploads\/2023\/11\/20231120_133914-1024x752.jpg 1024w, https:\/\/www.bz-bodnegg.de\/wp-content\/uploads\/2023\/11\/20231120_133914-300x220.jpg 300w, https:\/\/www.bz-bodnegg.de\/wp-content\/uploads\/2023\/11\/20231120_133914-768x564.jpg 768w, https:\/\/www.bz-bodnegg.de\/wp-content\/uploads\/2023\/11\/20231120_133914-1536x1129.jpg 1536w, https:\/\/www.bz-bodnegg.de\/wp-content\/uploads\/2023\/11\/20231120_133914-2048x1505.jpg 2048w, https:\/\/www.bz-bodnegg.de\/wp-content\/uploads\/2023\/11\/20231120_133914-624x459.jpg 624w\" sizes=\"auto, (max-width: 1024px) 100vw, 1024px\" \/><\/a><\/figure>\n\n\n\n<figure class=\"wp-block-image size-large\"><a href=\"https:\/\/www.bz-bodnegg.de\/wp-content\/uploads\/2023\/11\/20231120_133721-scaled.jpg\"><img loading=\"lazy\" decoding=\"async\" width=\"1024\" height=\"626\" data-id=\"10685\" src=\"https:\/\/www.bz-bodnegg.de\/wp-content\/uploads\/2023\/11\/20231120_133721-1024x626.jpg\" alt=\"\" class=\"wp-image-10685\" srcset=\"https:\/\/www.bz-bodnegg.de\/wp-content\/uploads\/2023\/11\/20231120_133721-1024x626.jpg 1024w, https:\/\/www.bz-bodnegg.de\/wp-content\/uploads\/2023\/11\/20231120_133721-300x183.jpg 300w, https:\/\/www.bz-bodnegg.de\/wp-content\/uploads\/2023\/11\/20231120_133721-768x469.jpg 768w, https:\/\/www.bz-bodnegg.de\/wp-content\/uploads\/2023\/11\/20231120_133721-1536x939.jpg 1536w, https:\/\/www.bz-bodnegg.de\/wp-content\/uploads\/2023\/11\/20231120_133721-2048x1251.jpg 2048w, https:\/\/www.bz-bodnegg.de\/wp-content\/uploads\/2023\/11\/20231120_133721-624x381.jpg 624w\" sizes=\"auto, (max-width: 1024px) 100vw, 1024px\" \/><\/a><\/figure>\n\n\n\n<figure class=\"wp-block-image size-large\"><a href=\"https:\/\/www.bz-bodnegg.de\/wp-content\/uploads\/2023\/11\/20231108_104444-scaled.jpg\"><img loading=\"lazy\" decoding=\"async\" width=\"1024\" height=\"768\" data-id=\"10690\" src=\"https:\/\/www.bz-bodnegg.de\/wp-content\/uploads\/2023\/11\/20231108_104444-1024x768.jpg\" alt=\"\" class=\"wp-image-10690\" srcset=\"https:\/\/www.bz-bodnegg.de\/wp-content\/uploads\/2023\/11\/20231108_104444-1024x768.jpg 1024w, https:\/\/www.bz-bodnegg.de\/wp-content\/uploads\/2023\/11\/20231108_104444-300x225.jpg 300w, https:\/\/www.bz-bodnegg.de\/wp-content\/uploads\/2023\/11\/20231108_104444-768x576.jpg 768w, https:\/\/www.bz-bodnegg.de\/wp-content\/uploads\/2023\/11\/20231108_104444-1536x1152.jpg 1536w, https:\/\/www.bz-bodnegg.de\/wp-content\/uploads\/2023\/11\/20231108_104444-2048x1536.jpg 2048w, https:\/\/www.bz-bodnegg.de\/wp-content\/uploads\/2023\/11\/20231108_104444-624x468.jpg 624w\" sizes=\"auto, (max-width: 1024px) 100vw, 1024px\" \/><\/a><\/figure>\n\n\n\n<figure class=\"wp-block-image size-large\"><a href=\"https:\/\/www.bz-bodnegg.de\/wp-content\/uploads\/2023\/11\/Berlin-Gruppenbild-scaled.jpeg\"><img loading=\"lazy\" decoding=\"async\" width=\"1024\" height=\"503\" data-id=\"10687\" src=\"https:\/\/www.bz-bodnegg.de\/wp-content\/uploads\/2023\/11\/Berlin-Gruppenbild-1024x503.jpeg\" alt=\"\" class=\"wp-image-10687\" srcset=\"https:\/\/www.bz-bodnegg.de\/wp-content\/uploads\/2023\/11\/Berlin-Gruppenbild-1024x503.jpeg 1024w, https:\/\/www.bz-bodnegg.de\/wp-content\/uploads\/2023\/11\/Berlin-Gruppenbild-300x147.jpeg 300w, https:\/\/www.bz-bodnegg.de\/wp-content\/uploads\/2023\/11\/Berlin-Gruppenbild-768x378.jpeg 768w, https:\/\/www.bz-bodnegg.de\/wp-content\/uploads\/2023\/11\/Berlin-Gruppenbild-1536x755.jpeg 1536w, https:\/\/www.bz-bodnegg.de\/wp-content\/uploads\/2023\/11\/Berlin-Gruppenbild-2048x1007.jpeg 2048w, https:\/\/www.bz-bodnegg.de\/wp-content\/uploads\/2023\/11\/Berlin-Gruppenbild-624x307.jpeg 624w\" sizes=\"auto, (max-width: 1024px) 100vw, 1024px\" \/><\/a><\/figure>\n\n\n\n<figure class=\"wp-block-image size-large\"><a href=\"https:\/\/www.bz-bodnegg.de\/wp-content\/uploads\/2023\/11\/Reichstag-Gruppenbild-scaled.jpeg\"><img loading=\"lazy\" decoding=\"async\" width=\"1024\" height=\"545\" data-id=\"10688\" src=\"https:\/\/www.bz-bodnegg.de\/wp-content\/uploads\/2023\/11\/Reichstag-Gruppenbild-1024x545.jpeg\" alt=\"\" class=\"wp-image-10688\" srcset=\"https:\/\/www.bz-bodnegg.de\/wp-content\/uploads\/2023\/11\/Reichstag-Gruppenbild-1024x545.jpeg 1024w, https:\/\/www.bz-bodnegg.de\/wp-content\/uploads\/2023\/11\/Reichstag-Gruppenbild-300x160.jpeg 300w, https:\/\/www.bz-bodnegg.de\/wp-content\/uploads\/2023\/11\/Reichstag-Gruppenbild-768x409.jpeg 768w, https:\/\/www.bz-bodnegg.de\/wp-content\/uploads\/2023\/11\/Reichstag-Gruppenbild-1536x818.jpeg 1536w, https:\/\/www.bz-bodnegg.de\/wp-content\/uploads\/2023\/11\/Reichstag-Gruppenbild-2048x1090.jpeg 2048w, https:\/\/www.bz-bodnegg.de\/wp-content\/uploads\/2023\/11\/Reichstag-Gruppenbild-624x332.jpeg 624w\" sizes=\"auto, (max-width: 1024px) 100vw, 1024px\" \/><\/a><\/figure>\n<\/figure>\n\n\n\n<p>Vom 6. bis 10. November fand die diesj\u00e4hrige Studienfahrt unserer drei zehnten Klassen der Realschule nach Berlin statt. Nach einer fast 9-st\u00fcndigen Busfahrt erwartete die Sch\u00fcler in den kommenden Tagen ein abwechslungsreiches Programm. Besonders eindr\u00fccklich war mit Sicherheit der Besuch des ehemaligen Stasi-Gef\u00e4ngnisses in Hohensch\u00f6nhausen und die damit verbundenen Einblicke in die Schreckensherrschaft der Stasi. Das politische Highlight der Reise war der Besuch des Bundestages im Reichstagsgeb\u00e4ude. Nach einem kurzen Vortrag \u00fcber die Arbeit des Bundestages fand ein einst\u00fcndiges Gespr\u00e4ch zwischen Frau Brugger MdB und unseren Sch\u00fclern statt. An dieser Stelle nochmals vielen Dank an Frau Brugger, dass sie sich die Zeit f\u00fcr uns genommen hat.<\/p>\n\n\n\n<!--more-->\n\n\n\n<p>Sightseeing in Berlin Mitte, ein Sparziergang vom Brandenburger Tor zum Alexanderplatz, eine Fahrt hoch auf den Fernsehturm, der Besuch der East Side Gallery und noch so viel mehr vervollst\u00e4ndigten das Programm \u2013 und nat\u00fcrlich durfte auch die Freizeit und das Erkunden von Berlin in Kleingruppen nicht zu kurz kommen. R\u00fcckblickend war die Fahrt in unsere Bundeshauptstadt f\u00fcr die Sch\u00fcler ein tolles Erlebnis verbunden mit vielen Erfahrungen.<\/p>\n\n\n\n<p>Ein Dank geht auch nochmal an die Firma Sohler und unseren Busfahrer Martin.<\/p>\n","protected":false},"excerpt":{"rendered":"<p>Vom 6. bis 10. November fand die diesj\u00e4hrige Studienfahrt unserer drei zehnten Klassen der Realschule nach Berlin statt. Nach einer fast 9-st\u00fcndigen Busfahrt erwartete die Sch\u00fcler in den kommenden Tagen ein abwechslungsreiches Programm. Besonders eindr\u00fccklich war mit Sicherheit der Besuch des ehemaligen Stasi-Gef\u00e4ngnisses in Hohensch\u00f6nhausen und die damit verbundenen Einblicke in die Schreckensherrschaft der Stasi. [&hellip;]<\/p>\n","protected":false},"author":4,"featured_media":0,"comment_status":"closed","ping_status":"closed","sticky":false,"template":"","format":"standard","meta":{"footnotes":""},"categories":[1],"tags":[],"class_list":["post-10689","post","type-post","status-publish","format-standard","hentry","category-allgemein"],"_links":{"self":[{"href":"https:\/\/www.bz-bodnegg.de\/index.php?rest_route=\/wp\/v2\/posts\/10689","targetHints":{"allow":["GET"]}}],"collection":[{"href":"https:\/\/www.bz-bodnegg.de\/index.php?rest_route=\/wp\/v2\/posts"}],"about":[{"href":"https:\/\/www.bz-bodnegg.de\/index.php?rest_route=\/wp\/v2\/types\/post"}],"author":[{"embeddable":true,"href":"https:\/\/www.bz-bodnegg.de\/index.php?rest_route=\/wp\/v2\/users\/4"}],"replies":[{"embeddable":true,"href":"https:\/\/www.bz-bodnegg.de\/index.php?rest_route=%2Fwp%2Fv2%2Fcomments&post=10689"}],"version-history":[{"count":2,"href":"https:\/\/www.bz-bodnegg.de\/index.php?rest_route=\/wp\/v2\/posts\/10689\/revisions"}],"predecessor-version":[{"id":10692,"href":"https:\/\/www.bz-bodnegg.de\/index.php?rest_route=\/wp\/v2\/posts\/10689\/revisions\/10692"}],"wp:attachment":[{"href":"https:\/\/www.bz-bodnegg.de\/index.php?rest_route=%2Fwp%2Fv2%2Fmedia&parent=10689"}],"wp:term":[{"taxonomy":"category","embeddable":true,"href":"https:\/\/www.bz-bodnegg.de\/index.php?rest_route=%2Fwp%2Fv2%2Fcategories&post=10689"},{"taxonomy":"post_tag","embeddable":true,"href":"https:\/\/www.bz-bodnegg.de\/index.php?rest_route=%2Fwp%2Fv2%2Ftags&post=10689"}],"curies":[{"name":"wp","href":"https:\/\/api.w.org\/{rel}","templated":true}]}}