{"id":10694,"date":"2023-11-27T16:34:36","date_gmt":"2023-11-27T14:34:36","guid":{"rendered":"https:\/\/www.bz-bodnegg.de\/?p=10694"},"modified":"2023-11-27T16:34:36","modified_gmt":"2023-11-27T14:34:36","slug":"mit-dem-bus-zur-schule-fahrplanwechsel-ab-10-12","status":"publish","type":"post","link":"https:\/\/www.bz-bodnegg.de\/?p=10694","title":{"rendered":"Mit dem Bus zur Schule &#8211; Fahrplanwechsel ab 10.12."},"content":{"rendered":"\n<p><a href=\"https:\/\/www.bz-bodnegg.de\/wp-content\/uploads\/2023\/11\/Fahrplanwechsel.pdf\" target=\"_blank\" rel=\"noreferrer noopener\">Information Linien der Firma Schuler<\/a><\/p>\n\n\n\n<p>Am Sonntag, den 10. Dezember 2023 findet der europaweite Fahrplanwechsel statt. Auch die Linien 101 (Schlier), 102 (Vogt\/Wolfegg), 103 (Wollmarshofen), 104 (Tannau\/Neukirch\/Haslach), 105.1 (Lindau), 105.2 (Wangen) sind davon betroffen. Die optimierten Fahrpl\u00e4ne mit speziellen Vermerken erhalten Sie anbei. Die Busse starten in der Fr\u00fch \u00fcberwiegend ein paar Minuten fr\u00fcher.<br>ACHTUNG: Ab Montag, den 11.12.2023 gelten die neuen Fahrzeiten!<\/p>\n","protected":false},"excerpt":{"rendered":"<p>Information Linien der Firma Schuler Am Sonntag, den 10. Dezember 2023 findet der europaweite Fahrplanwechsel statt. Auch die Linien 101 (Schlier), 102 (Vogt\/Wolfegg), 103 (Wollmarshofen), 104 (Tannau\/Neukirch\/Haslach), 105.1 (Lindau), 105.2 (Wangen) sind davon betroffen. Die optimierten Fahrpl\u00e4ne mit speziellen Vermerken erhalten Sie anbei. Die Busse starten in der Fr\u00fch \u00fcberwiegend ein paar Minuten fr\u00fcher.ACHTUNG: Ab [&hellip;]<\/p>\n","protected":false},"author":4,"featured_media":0,"comment_status":"closed","ping_status":"closed","sticky":false,"template":"","format":"standard","meta":{"footnotes":""},"categories":[1],"tags":[],"class_list":["post-10694","post","type-post","status-publish","format-standard","hentry","category-allgemein"],"_links":{"self":[{"href":"https:\/\/www.bz-bodnegg.de\/index.php?rest_route=\/wp\/v2\/posts\/10694","targetHints":{"allow":["GET"]}}],"collection":[{"href":"https:\/\/www.bz-bodnegg.de\/index.php?rest_route=\/wp\/v2\/posts"}],"about":[{"href":"https:\/\/www.bz-bodnegg.de\/index.php?rest_route=\/wp\/v2\/types\/post"}],"author":[{"embeddable":true,"href":"https:\/\/www.bz-bodnegg.de\/index.php?rest_route=\/wp\/v2\/users\/4"}],"replies":[{"embeddable":true,"href":"https:\/\/www.bz-bodnegg.de\/index.php?rest_route=%2Fwp%2Fv2%2Fcomments&post=10694"}],"version-history":[{"count":1,"href":"https:\/\/www.bz-bodnegg.de\/index.php?rest_route=\/wp\/v2\/posts\/10694\/revisions"}],"predecessor-version":[{"id":10696,"href":"https:\/\/www.bz-bodnegg.de\/index.php?rest_route=\/wp\/v2\/posts\/10694\/revisions\/10696"}],"wp:attachment":[{"href":"https:\/\/www.bz-bodnegg.de\/index.php?rest_route=%2Fwp%2Fv2%2Fmedia&parent=10694"}],"wp:term":[{"taxonomy":"category","embeddable":true,"href":"https:\/\/www.bz-bodnegg.de\/index.php?rest_route=%2Fwp%2Fv2%2Fcategories&post=10694"},{"taxonomy":"post_tag","embeddable":true,"href":"https:\/\/www.bz-bodnegg.de\/index.php?rest_route=%2Fwp%2Fv2%2Ftags&post=10694"}],"curies":[{"name":"wp","href":"https:\/\/api.w.org\/{rel}","templated":true}]}}