{"id":10699,"date":"2023-11-29T09:58:27","date_gmt":"2023-11-29T07:58:27","guid":{"rendered":"https:\/\/www.bz-bodnegg.de\/?p=10699"},"modified":"2023-11-29T09:58:56","modified_gmt":"2023-11-29T07:58:56","slug":"kennenlerntage-auf-der-dobelmuehle","status":"publish","type":"post","link":"https:\/\/www.bz-bodnegg.de\/?p=10699","title":{"rendered":"Kennenlerntage auf der Dobelm\u00fchle"},"content":{"rendered":"\n<figure class=\"wp-block-gallery has-nested-images columns-5 is-cropped wp-block-gallery-1 is-layout-flex wp-block-gallery-is-layout-flex\">\n<figure class=\"wp-block-image size-large\"><a href=\"https:\/\/www.bz-bodnegg.de\/wp-content\/uploads\/2023\/11\/IMG_8543-scaled.jpeg\"><img loading=\"lazy\" decoding=\"async\" width=\"1024\" height=\"955\" data-id=\"10705\" src=\"https:\/\/www.bz-bodnegg.de\/wp-content\/uploads\/2023\/11\/IMG_8543-1024x955.jpeg\" alt=\"\" class=\"wp-image-10705\" srcset=\"https:\/\/www.bz-bodnegg.de\/wp-content\/uploads\/2023\/11\/IMG_8543-1024x955.jpeg 1024w, https:\/\/www.bz-bodnegg.de\/wp-content\/uploads\/2023\/11\/IMG_8543-300x280.jpeg 300w, https:\/\/www.bz-bodnegg.de\/wp-content\/uploads\/2023\/11\/IMG_8543-768x716.jpeg 768w, https:\/\/www.bz-bodnegg.de\/wp-content\/uploads\/2023\/11\/IMG_8543-1536x1432.jpeg 1536w, https:\/\/www.bz-bodnegg.de\/wp-content\/uploads\/2023\/11\/IMG_8543-2048x1909.jpeg 2048w, https:\/\/www.bz-bodnegg.de\/wp-content\/uploads\/2023\/11\/IMG_8543-624x582.jpeg 624w\" sizes=\"auto, (max-width: 1024px) 100vw, 1024px\" \/><\/a><\/figure>\n\n\n\n<figure class=\"wp-block-image size-large\"><a href=\"https:\/\/www.bz-bodnegg.de\/wp-content\/uploads\/2023\/11\/IMG_8542-scaled.jpeg\"><img loading=\"lazy\" decoding=\"async\" width=\"1024\" height=\"768\" data-id=\"10704\" src=\"https:\/\/www.bz-bodnegg.de\/wp-content\/uploads\/2023\/11\/IMG_8542-1024x768.jpeg\" alt=\"\" class=\"wp-image-10704\" srcset=\"https:\/\/www.bz-bodnegg.de\/wp-content\/uploads\/2023\/11\/IMG_8542-1024x768.jpeg 1024w, https:\/\/www.bz-bodnegg.de\/wp-content\/uploads\/2023\/11\/IMG_8542-300x225.jpeg 300w, https:\/\/www.bz-bodnegg.de\/wp-content\/uploads\/2023\/11\/IMG_8542-768x576.jpeg 768w, https:\/\/www.bz-bodnegg.de\/wp-content\/uploads\/2023\/11\/IMG_8542-1536x1152.jpeg 1536w, https:\/\/www.bz-bodnegg.de\/wp-content\/uploads\/2023\/11\/IMG_8542-2048x1536.jpeg 2048w, https:\/\/www.bz-bodnegg.de\/wp-content\/uploads\/2023\/11\/IMG_8542-624x468.jpeg 624w\" sizes=\"auto, (max-width: 1024px) 100vw, 1024px\" \/><\/a><\/figure>\n\n\n\n<figure class=\"wp-block-image size-large\"><a href=\"https:\/\/www.bz-bodnegg.de\/wp-content\/uploads\/2023\/11\/PHOTO-2023-11-27-11-29-43.jpeg\"><img loading=\"lazy\" decoding=\"async\" width=\"1024\" height=\"920\" data-id=\"10703\" src=\"https:\/\/www.bz-bodnegg.de\/wp-content\/uploads\/2023\/11\/PHOTO-2023-11-27-11-29-43-1024x920.jpeg\" alt=\"\" class=\"wp-image-10703\" srcset=\"https:\/\/www.bz-bodnegg.de\/wp-content\/uploads\/2023\/11\/PHOTO-2023-11-27-11-29-43-1024x920.jpeg 1024w, https:\/\/www.bz-bodnegg.de\/wp-content\/uploads\/2023\/11\/PHOTO-2023-11-27-11-29-43-300x269.jpeg 300w, https:\/\/www.bz-bodnegg.de\/wp-content\/uploads\/2023\/11\/PHOTO-2023-11-27-11-29-43-768x690.jpeg 768w, https:\/\/www.bz-bodnegg.de\/wp-content\/uploads\/2023\/11\/PHOTO-2023-11-27-11-29-43-624x561.jpeg 624w, https:\/\/www.bz-bodnegg.de\/wp-content\/uploads\/2023\/11\/PHOTO-2023-11-27-11-29-43.jpeg 1199w\" sizes=\"auto, (max-width: 1024px) 100vw, 1024px\" \/><\/a><\/figure>\n\n\n\n<figure class=\"wp-block-image size-large\"><a href=\"https:\/\/www.bz-bodnegg.de\/wp-content\/uploads\/2023\/11\/IMG_8577-scaled.jpeg\"><img loading=\"lazy\" decoding=\"async\" width=\"768\" height=\"1024\" data-id=\"10706\" src=\"https:\/\/www.bz-bodnegg.de\/wp-content\/uploads\/2023\/11\/IMG_8577-768x1024.jpeg\" alt=\"\" class=\"wp-image-10706\" srcset=\"https:\/\/www.bz-bodnegg.de\/wp-content\/uploads\/2023\/11\/IMG_8577-768x1024.jpeg 768w, https:\/\/www.bz-bodnegg.de\/wp-content\/uploads\/2023\/11\/IMG_8577-225x300.jpeg 225w, https:\/\/www.bz-bodnegg.de\/wp-content\/uploads\/2023\/11\/IMG_8577-1152x1536.jpeg 1152w, https:\/\/www.bz-bodnegg.de\/wp-content\/uploads\/2023\/11\/IMG_8577-1536x2048.jpeg 1536w, https:\/\/www.bz-bodnegg.de\/wp-content\/uploads\/2023\/11\/IMG_8577-624x832.jpeg 624w, https:\/\/www.bz-bodnegg.de\/wp-content\/uploads\/2023\/11\/IMG_8577-scaled.jpeg 1920w\" sizes=\"auto, (max-width: 768px) 100vw, 768px\" \/><\/a><\/figure>\n\n\n\n<figure class=\"wp-block-image size-large\"><a href=\"https:\/\/www.bz-bodnegg.de\/wp-content\/uploads\/2023\/11\/IMG_8598-scaled.jpeg\"><img loading=\"lazy\" decoding=\"async\" width=\"1024\" height=\"991\" data-id=\"10702\" src=\"https:\/\/www.bz-bodnegg.de\/wp-content\/uploads\/2023\/11\/IMG_8598-1024x991.jpeg\" alt=\"\" class=\"wp-image-10702\" srcset=\"https:\/\/www.bz-bodnegg.de\/wp-content\/uploads\/2023\/11\/IMG_8598-1024x991.jpeg 1024w, https:\/\/www.bz-bodnegg.de\/wp-content\/uploads\/2023\/11\/IMG_8598-300x290.jpeg 300w, https:\/\/www.bz-bodnegg.de\/wp-content\/uploads\/2023\/11\/IMG_8598-768x743.jpeg 768w, https:\/\/www.bz-bodnegg.de\/wp-content\/uploads\/2023\/11\/IMG_8598-1536x1486.jpeg 1536w, https:\/\/www.bz-bodnegg.de\/wp-content\/uploads\/2023\/11\/IMG_8598-2048x1982.jpeg 2048w, https:\/\/www.bz-bodnegg.de\/wp-content\/uploads\/2023\/11\/IMG_8598-624x604.jpeg 624w\" sizes=\"auto, (max-width: 1024px) 100vw, 1024px\" \/><\/a><\/figure>\n\n\n\n<figure class=\"wp-block-image size-large\"><a href=\"https:\/\/www.bz-bodnegg.de\/wp-content\/uploads\/2023\/11\/IMG_8594-scaled.jpeg\"><img loading=\"lazy\" decoding=\"async\" width=\"867\" height=\"1024\" data-id=\"10701\" src=\"https:\/\/www.bz-bodnegg.de\/wp-content\/uploads\/2023\/11\/IMG_8594-867x1024.jpeg\" alt=\"\" class=\"wp-image-10701\" srcset=\"https:\/\/www.bz-bodnegg.de\/wp-content\/uploads\/2023\/11\/IMG_8594-867x1024.jpeg 867w, https:\/\/www.bz-bodnegg.de\/wp-content\/uploads\/2023\/11\/IMG_8594-254x300.jpeg 254w, https:\/\/www.bz-bodnegg.de\/wp-content\/uploads\/2023\/11\/IMG_8594-768x907.jpeg 768w, https:\/\/www.bz-bodnegg.de\/wp-content\/uploads\/2023\/11\/IMG_8594-1301x1536.jpeg 1301w, https:\/\/www.bz-bodnegg.de\/wp-content\/uploads\/2023\/11\/IMG_8594-1735x2048.jpeg 1735w, https:\/\/www.bz-bodnegg.de\/wp-content\/uploads\/2023\/11\/IMG_8594-624x737.jpeg 624w\" sizes=\"auto, (max-width: 867px) 100vw, 867px\" \/><\/a><\/figure>\n\n\n\n<figure class=\"wp-block-image size-large\"><a href=\"https:\/\/www.bz-bodnegg.de\/wp-content\/uploads\/2023\/11\/IMG_8581-scaled.jpeg\"><img loading=\"lazy\" decoding=\"async\" width=\"932\" height=\"1024\" data-id=\"10700\" src=\"https:\/\/www.bz-bodnegg.de\/wp-content\/uploads\/2023\/11\/IMG_8581-932x1024.jpeg\" alt=\"\" class=\"wp-image-10700\" srcset=\"https:\/\/www.bz-bodnegg.de\/wp-content\/uploads\/2023\/11\/IMG_8581-932x1024.jpeg 932w, https:\/\/www.bz-bodnegg.de\/wp-content\/uploads\/2023\/11\/IMG_8581-273x300.jpeg 273w, https:\/\/www.bz-bodnegg.de\/wp-content\/uploads\/2023\/11\/IMG_8581-768x844.jpeg 768w, https:\/\/www.bz-bodnegg.de\/wp-content\/uploads\/2023\/11\/IMG_8581-1398x1536.jpeg 1398w, https:\/\/www.bz-bodnegg.de\/wp-content\/uploads\/2023\/11\/IMG_8581-1864x2048.jpeg 1864w, https:\/\/www.bz-bodnegg.de\/wp-content\/uploads\/2023\/11\/IMG_8581-624x686.jpeg 624w\" sizes=\"auto, (max-width: 932px) 100vw, 932px\" \/><\/a><\/figure>\n<\/figure>\n\n\n\n<p>Die 5b berichtet: &#8222;Am 21.11.2023 fuhr die Inklusionsklasse 5b zusammen mit der 5d mit dem Zug ins Schullandheim nach Aulendorf, genauer gesagt in die Dobelm\u00fchle. Vom Bahnhof Aulendorf sind wir erst einmal 1 Stunde lang gewandert. In der Dobelm\u00fchle haben wir unsere Zimmer bezogen und dann gab es schon Mittagessen. Am Nachmittag haben wir unser Theater ge\u00fcbt und anschlie\u00dfend hatten wir noch Freizeit. <\/p>\n\n\n\n<!--more-->\n\n\n\n<p>Wir konnten Basketball, Fu\u00dfball Tischkicker oder Billard spielen. Nach dem Abendessen haben wir uns alle den Film die \u201eRotk\u00e4ppchen Verschw\u00f6rung\u201c angeschaut. Kurz vor dem Schlafengehen hat Herr Fark uns eine Gute-Nacht Geschichte vorgelesen. Am n\u00e4chsten Tag gab es ein leckeres Fr\u00fchst\u00fcck. Dann haben wir mit Georg verschiedene Kooperationsspiele\u00a0 gemacht und waren auf dem Niedrigseilgarten. Das war gar nicht so leicht, weil wir uns gegenseitig helfen mussten, damit alle den Parkour schaffen konnten. Weil es kalt war, machten wir auch einmal eine Teepause mit Brezeln. Nach dem Mittagessen und der Freizeit durften wir eine Schatzsuche machen und auch trotz Regen ein kleines Feuer machen und Marshmallows grillen. Nach dem dem Abendessen machten wir eine Party im Gew\u00f6lbekeller. Am Mittwoch haben wir gefr\u00fchst\u00fcckt, unser Lunchpaket gepackt, geputzt und sind zur\u00fcck zum Bahnhof gewandert.<\/p>\n\n\n\n<p>Es war wirklich toll und hat uns viel Spa\u00df gemacht.&#8220;<\/p>\n","protected":false},"excerpt":{"rendered":"<p>Die 5b berichtet: &#8222;Am 21.11.2023 fuhr die Inklusionsklasse 5b zusammen mit der 5d mit dem Zug ins Schullandheim nach Aulendorf, genauer gesagt in die Dobelm\u00fchle. Vom Bahnhof Aulendorf sind wir erst einmal 1 Stunde lang gewandert. In der Dobelm\u00fchle haben wir unsere Zimmer bezogen und dann gab es schon Mittagessen. Am Nachmittag haben wir unser [&hellip;]<\/p>\n","protected":false},"author":4,"featured_media":0,"comment_status":"closed","ping_status":"closed","sticky":false,"template":"","format":"standard","meta":{"footnotes":""},"categories":[1],"tags":[],"class_list":["post-10699","post","type-post","status-publish","format-standard","hentry","category-allgemein"],"_links":{"self":[{"href":"https:\/\/www.bz-bodnegg.de\/index.php?rest_route=\/wp\/v2\/posts\/10699","targetHints":{"allow":["GET"]}}],"collection":[{"href":"https:\/\/www.bz-bodnegg.de\/index.php?rest_route=\/wp\/v2\/posts"}],"about":[{"href":"https:\/\/www.bz-bodnegg.de\/index.php?rest_route=\/wp\/v2\/types\/post"}],"author":[{"embeddable":true,"href":"https:\/\/www.bz-bodnegg.de\/index.php?rest_route=\/wp\/v2\/users\/4"}],"replies":[{"embeddable":true,"href":"https:\/\/www.bz-bodnegg.de\/index.php?rest_route=%2Fwp%2Fv2%2Fcomments&post=10699"}],"version-history":[{"count":2,"href":"https:\/\/www.bz-bodnegg.de\/index.php?rest_route=\/wp\/v2\/posts\/10699\/revisions"}],"predecessor-version":[{"id":10708,"href":"https:\/\/www.bz-bodnegg.de\/index.php?rest_route=\/wp\/v2\/posts\/10699\/revisions\/10708"}],"wp:attachment":[{"href":"https:\/\/www.bz-bodnegg.de\/index.php?rest_route=%2Fwp%2Fv2%2Fmedia&parent=10699"}],"wp:term":[{"taxonomy":"category","embeddable":true,"href":"https:\/\/www.bz-bodnegg.de\/index.php?rest_route=%2Fwp%2Fv2%2Fcategories&post=10699"},{"taxonomy":"post_tag","embeddable":true,"href":"https:\/\/www.bz-bodnegg.de\/index.php?rest_route=%2Fwp%2Fv2%2Ftags&post=10699"}],"curies":[{"name":"wp","href":"https:\/\/api.w.org\/{rel}","templated":true}]}}