{"id":10729,"date":"2023-12-01T14:29:17","date_gmt":"2023-12-01T12:29:17","guid":{"rendered":"https:\/\/www.bz-bodnegg.de\/?p=10729"},"modified":"2023-12-01T14:29:18","modified_gmt":"2023-12-01T12:29:18","slug":"vom-schueler-zum-bundestagsabgeordneten-benjamin-strasser-besucht-bildungszentrum-bodnegg","status":"publish","type":"post","link":"https:\/\/www.bz-bodnegg.de\/?p=10729","title":{"rendered":"Vom Sch\u00fcler zum Bundestagsabgeordneten &#8211; Benjamin Strasser besucht Bildungszentrum Bodnegg"},"content":{"rendered":"\n<figure class=\"wp-block-gallery has-nested-images columns-4 is-cropped wp-block-gallery-1 is-layout-flex wp-block-gallery-is-layout-flex\">\n<figure class=\"wp-block-image size-large\"><a href=\"https:\/\/www.bz-bodnegg.de\/wp-content\/uploads\/2023\/12\/IMG_1874.jpg\"><img loading=\"lazy\" decoding=\"async\" width=\"1024\" height=\"683\" data-id=\"10727\" src=\"https:\/\/www.bz-bodnegg.de\/wp-content\/uploads\/2023\/12\/IMG_1874-1024x683.jpg\" alt=\"\" class=\"wp-image-10727\" srcset=\"https:\/\/www.bz-bodnegg.de\/wp-content\/uploads\/2023\/12\/IMG_1874-1024x683.jpg 1024w, https:\/\/www.bz-bodnegg.de\/wp-content\/uploads\/2023\/12\/IMG_1874-300x200.jpg 300w, https:\/\/www.bz-bodnegg.de\/wp-content\/uploads\/2023\/12\/IMG_1874-768x512.jpg 768w, https:\/\/www.bz-bodnegg.de\/wp-content\/uploads\/2023\/12\/IMG_1874-1536x1024.jpg 1536w, https:\/\/www.bz-bodnegg.de\/wp-content\/uploads\/2023\/12\/IMG_1874-624x416.jpg 624w, https:\/\/www.bz-bodnegg.de\/wp-content\/uploads\/2023\/12\/IMG_1874.jpg 1920w\" sizes=\"auto, (max-width: 1024px) 100vw, 1024px\" \/><\/a><\/figure>\n\n\n\n<figure class=\"wp-block-image size-large\"><a href=\"https:\/\/www.bz-bodnegg.de\/wp-content\/uploads\/2023\/12\/IMG_1857.jpg\"><img loading=\"lazy\" decoding=\"async\" width=\"1024\" height=\"683\" data-id=\"10726\" src=\"https:\/\/www.bz-bodnegg.de\/wp-content\/uploads\/2023\/12\/IMG_1857-1024x683.jpg\" alt=\"\" class=\"wp-image-10726\" srcset=\"https:\/\/www.bz-bodnegg.de\/wp-content\/uploads\/2023\/12\/IMG_1857-1024x683.jpg 1024w, https:\/\/www.bz-bodnegg.de\/wp-content\/uploads\/2023\/12\/IMG_1857-300x200.jpg 300w, https:\/\/www.bz-bodnegg.de\/wp-content\/uploads\/2023\/12\/IMG_1857-768x512.jpg 768w, https:\/\/www.bz-bodnegg.de\/wp-content\/uploads\/2023\/12\/IMG_1857-1536x1024.jpg 1536w, https:\/\/www.bz-bodnegg.de\/wp-content\/uploads\/2023\/12\/IMG_1857-624x416.jpg 624w, https:\/\/www.bz-bodnegg.de\/wp-content\/uploads\/2023\/12\/IMG_1857.jpg 1920w\" sizes=\"auto, (max-width: 1024px) 100vw, 1024px\" \/><\/a><\/figure>\n\n\n\n<figure class=\"wp-block-image size-large\"><a href=\"https:\/\/www.bz-bodnegg.de\/wp-content\/uploads\/2023\/12\/IMG_1895.jpg\"><img loading=\"lazy\" decoding=\"async\" width=\"1024\" height=\"683\" data-id=\"10725\" src=\"https:\/\/www.bz-bodnegg.de\/wp-content\/uploads\/2023\/12\/IMG_1895-1024x683.jpg\" alt=\"\" class=\"wp-image-10725\" srcset=\"https:\/\/www.bz-bodnegg.de\/wp-content\/uploads\/2023\/12\/IMG_1895-1024x683.jpg 1024w, https:\/\/www.bz-bodnegg.de\/wp-content\/uploads\/2023\/12\/IMG_1895-300x200.jpg 300w, https:\/\/www.bz-bodnegg.de\/wp-content\/uploads\/2023\/12\/IMG_1895-768x512.jpg 768w, https:\/\/www.bz-bodnegg.de\/wp-content\/uploads\/2023\/12\/IMG_1895-1536x1024.jpg 1536w, https:\/\/www.bz-bodnegg.de\/wp-content\/uploads\/2023\/12\/IMG_1895-624x416.jpg 624w, https:\/\/www.bz-bodnegg.de\/wp-content\/uploads\/2023\/12\/IMG_1895.jpg 1920w\" sizes=\"auto, (max-width: 1024px) 100vw, 1024px\" \/><\/a><\/figure>\n\n\n\n<figure class=\"wp-block-image size-large\"><a href=\"https:\/\/www.bz-bodnegg.de\/wp-content\/uploads\/2023\/12\/IMG_1885.jpg\"><img loading=\"lazy\" decoding=\"async\" width=\"1024\" height=\"683\" data-id=\"10724\" src=\"https:\/\/www.bz-bodnegg.de\/wp-content\/uploads\/2023\/12\/IMG_1885-1024x683.jpg\" alt=\"\" class=\"wp-image-10724\" srcset=\"https:\/\/www.bz-bodnegg.de\/wp-content\/uploads\/2023\/12\/IMG_1885-1024x683.jpg 1024w, https:\/\/www.bz-bodnegg.de\/wp-content\/uploads\/2023\/12\/IMG_1885-300x200.jpg 300w, https:\/\/www.bz-bodnegg.de\/wp-content\/uploads\/2023\/12\/IMG_1885-768x512.jpg 768w, https:\/\/www.bz-bodnegg.de\/wp-content\/uploads\/2023\/12\/IMG_1885-1536x1024.jpg 1536w, https:\/\/www.bz-bodnegg.de\/wp-content\/uploads\/2023\/12\/IMG_1885-624x416.jpg 624w, https:\/\/www.bz-bodnegg.de\/wp-content\/uploads\/2023\/12\/IMG_1885.jpg 1920w\" sizes=\"auto, (max-width: 1024px) 100vw, 1024px\" \/><\/a><\/figure>\n<\/figure>\n\n\n\n<p>Der FDP-Bundestagsabgeordnete und Parlamentarische Staatssekret\u00e4r beim Bundesminister der Justiz, Benjamin Strasser, hat im Rahmen des bundesweiten Vorlesetages 2023 das Bildungszentrum in Bodnegg besucht.<br>Eine seltene Gelegenheit bot sich den Sch\u00fclerinnen und Sch\u00fclern der Verbundschule, als Benjamin Strasser am 22. November im Bildungszentrum Bodnegg zu Besuch war und Rede und Antwort stand. Strasser begann seinen Besuch bei den Erst- bis Viertkl\u00e4sslern der Grundschule. Im Rahmen des bundesweiten Vorlesetages 2023 unter dem Motto \u201eLesen verbindet\u201c las er den Grundsch\u00fclerinnen und Grundsch\u00fclern die Geschichte \u201eDie kleine Hexe und der Maronimann\u201c von Otfried Preu\u00dfler vor, die in der Weihnachtszeit spielt. \u201eRegelm\u00e4\u00dfiges Vorlesen stellt die Weichen f\u00fcr gute Bildungs- und Zukunftschancen unserer Kinder, schafft Anl\u00e4sse f\u00fcr Gespr\u00e4che und kreatives Spiel und macht vor allem Freude\u201c, erl\u00e4uterte er seine Beweggr\u00fcnde. Strasser gab dabei ebenfalls Einblicke in seine Arbeit und erkl\u00e4rte den j\u00fcngsten Sch\u00fclerinnen und Sch\u00fclern in einfachen Worten, dass Menschen viele W\u00fcnsche h\u00e4tten \u2013 auch in der Politik.<\/p>\n\n\n\n<!--more-->\n\n\n\n<p> Er zog dabei einen Vergleich zu Weihnachten, wo man schlie\u00dflich auch nicht immer alles, was man sich w\u00fcnsche, unter dem Weihnachtsbaum finden w\u00fcrde. Dar\u00fcber hinaus berichtete Strasser \u00fcber seinen beruflichen Werdegang: Er war nicht immer Politiker, sondern dr\u00fcckte zun\u00e4chst als Realsch\u00fcler die Schulbank und besuchte sp\u00e4ter das Wirtschaftsgymnasium in Ravensburg, bevor er schlie\u00dflich Jura studierte, um Rechtsanwalt zu werden. Die Sch\u00fclerinnen und Sch\u00fcler lauschten sehr interessiert und stellten nat\u00fcrlich auch viele Fragen. So wollten sie unter anderem wissen, ob er eine Frau habe (\u201eMomentan habe ich keine Frau\u201c) oder ob bei zwei Wohnungen nicht alles voller Staub w\u00e4re (\u201eIn Berlin putze ich selbst, in Ravensburg habe ich jemanden, der mir hilft\u201c). Im Anschluss war es f\u00fcr die Neuntkl\u00e4ssler an der Zeit, den FDP-Bundestagsabgeordneten zu begr\u00fc\u00dfen. Im Vorfeld hatten sie im Gemeinschaftskundeunterricht zahlreiche Fragen zusammengetragen. Es entwickelte sich eine lebhafte Diskussion \u00fcber zahlreiche Themen wie die hohen Zustimmungswerte f\u00fcr rechtsextreme Parteien, die aktuelle Migrations- und Fl\u00fcchtlingspolitik, unangek\u00fcndigte Abschiebungen, die Letzte Generation, das B\u00fcndnis Sahra Wagenknecht, Volksabstimmungen sowie die Aufgaben eines Parlamentarischen Staatssekret\u00e4rs und viele mehr. Im Zusammenhang mit dem brutalen Angriff der Terrororganisation Hamas auf Israel berichtete Strasser ausf\u00fchrlich \u00fcber den bisher wohl bewegendsten und eindr\u00fccklichsten Moment in seiner politischen Laufbahn, als er sich vor Kurzem mit vier \u00dcberlebenden des Massakers in Berlin getroffen hat. W\u00e4hrend der Diskussionsrunde wurde nicht nur die Wissbegierde, sondern auch das gesellschaftliche Engagement der Sch\u00fclerinnen und Sch\u00fcler f\u00fcr die Herausforderungen unserer Zeit deutlich. Abschlie\u00dfend ermutigte der Bundestagsabgeordnete die Anwesenden, sich entweder ehrenamtlich oder auch in politischen Nachwuchsorganisationen gesellschaftspolitisch einzubringen, um so Politik aktiv mitgestalten und etwas bewegen zu k\u00f6nnen.<br>Nach einer anschlie\u00dfenden Gespr\u00e4chsrunde mit dem Rektor Alexander Matt und dem Schulleitungsteam des Bildungszentrums Bodnegg sowie B\u00fcrgermeister Patrick S\u00f6ndgen verabschiedete sich der FDP-Politiker mit zahlreichen neuen Eindr\u00fccken zu seinem n\u00e4chsten Termin und bedankte sich f\u00fcr den herzlichen Empfang.<\/p>\n\n\n\n<p><\/p>\n","protected":false},"excerpt":{"rendered":"<p>Der FDP-Bundestagsabgeordnete und Parlamentarische Staatssekret\u00e4r beim Bundesminister der Justiz, Benjamin Strasser, hat im Rahmen des bundesweiten Vorlesetages 2023 das Bildungszentrum in Bodnegg besucht.Eine seltene Gelegenheit bot sich den Sch\u00fclerinnen und Sch\u00fclern der Verbundschule, als Benjamin Strasser am 22. November im Bildungszentrum Bodnegg zu Besuch war und Rede und Antwort stand. Strasser begann seinen Besuch bei [&hellip;]<\/p>\n","protected":false},"author":4,"featured_media":0,"comment_status":"closed","ping_status":"closed","sticky":false,"template":"","format":"standard","meta":{"footnotes":""},"categories":[1],"tags":[],"class_list":["post-10729","post","type-post","status-publish","format-standard","hentry","category-allgemein"],"_links":{"self":[{"href":"https:\/\/www.bz-bodnegg.de\/index.php?rest_route=\/wp\/v2\/posts\/10729","targetHints":{"allow":["GET"]}}],"collection":[{"href":"https:\/\/www.bz-bodnegg.de\/index.php?rest_route=\/wp\/v2\/posts"}],"about":[{"href":"https:\/\/www.bz-bodnegg.de\/index.php?rest_route=\/wp\/v2\/types\/post"}],"author":[{"embeddable":true,"href":"https:\/\/www.bz-bodnegg.de\/index.php?rest_route=\/wp\/v2\/users\/4"}],"replies":[{"embeddable":true,"href":"https:\/\/www.bz-bodnegg.de\/index.php?rest_route=%2Fwp%2Fv2%2Fcomments&post=10729"}],"version-history":[{"count":1,"href":"https:\/\/www.bz-bodnegg.de\/index.php?rest_route=\/wp\/v2\/posts\/10729\/revisions"}],"predecessor-version":[{"id":10730,"href":"https:\/\/www.bz-bodnegg.de\/index.php?rest_route=\/wp\/v2\/posts\/10729\/revisions\/10730"}],"wp:attachment":[{"href":"https:\/\/www.bz-bodnegg.de\/index.php?rest_route=%2Fwp%2Fv2%2Fmedia&parent=10729"}],"wp:term":[{"taxonomy":"category","embeddable":true,"href":"https:\/\/www.bz-bodnegg.de\/index.php?rest_route=%2Fwp%2Fv2%2Fcategories&post=10729"},{"taxonomy":"post_tag","embeddable":true,"href":"https:\/\/www.bz-bodnegg.de\/index.php?rest_route=%2Fwp%2Fv2%2Ftags&post=10729"}],"curies":[{"name":"wp","href":"https:\/\/api.w.org\/{rel}","templated":true}]}}