{"id":10734,"date":"2023-12-01T16:04:40","date_gmt":"2023-12-01T14:04:40","guid":{"rendered":"https:\/\/www.bz-bodnegg.de\/?p=10734"},"modified":"2023-12-04T13:21:40","modified_gmt":"2023-12-04T11:21:40","slug":"weihnachtsmarkt-in-bodnegg-und-achberg","status":"publish","type":"post","link":"https:\/\/www.bz-bodnegg.de\/?p=10734","title":{"rendered":"Weihnachtsmarkt in Bodnegg und Achberg"},"content":{"rendered":"\n<figure class=\"wp-block-gallery has-nested-images columns-default is-cropped wp-block-gallery-1 is-layout-flex wp-block-gallery-is-layout-flex\">\n<figure class=\"wp-block-image size-large\"><a href=\"https:\/\/www.bz-bodnegg.de\/wp-content\/uploads\/2023\/12\/20231125_102705-scaled.jpg\"><img loading=\"lazy\" decoding=\"async\" width=\"1024\" height=\"768\" data-id=\"10736\" src=\"https:\/\/www.bz-bodnegg.de\/wp-content\/uploads\/2023\/12\/20231125_102705-1024x768.jpg\" alt=\"\" class=\"wp-image-10736\" srcset=\"https:\/\/www.bz-bodnegg.de\/wp-content\/uploads\/2023\/12\/20231125_102705-1024x768.jpg 1024w, https:\/\/www.bz-bodnegg.de\/wp-content\/uploads\/2023\/12\/20231125_102705-300x225.jpg 300w, https:\/\/www.bz-bodnegg.de\/wp-content\/uploads\/2023\/12\/20231125_102705-768x576.jpg 768w, https:\/\/www.bz-bodnegg.de\/wp-content\/uploads\/2023\/12\/20231125_102705-1536x1152.jpg 1536w, https:\/\/www.bz-bodnegg.de\/wp-content\/uploads\/2023\/12\/20231125_102705-2048x1536.jpg 2048w, https:\/\/www.bz-bodnegg.de\/wp-content\/uploads\/2023\/12\/20231125_102705-624x468.jpg 624w\" sizes=\"auto, (max-width: 1024px) 100vw, 1024px\" \/><\/a><\/figure>\n\n\n\n<figure class=\"wp-block-image size-large\"><a href=\"https:\/\/www.bz-bodnegg.de\/wp-content\/uploads\/2023\/12\/5a942f85-b9cd-4637-987e-6ad9c1cf72a9.jpg\"><img loading=\"lazy\" decoding=\"async\" width=\"1024\" height=\"768\" data-id=\"10735\" src=\"https:\/\/www.bz-bodnegg.de\/wp-content\/uploads\/2023\/12\/5a942f85-b9cd-4637-987e-6ad9c1cf72a9-1024x768.jpg\" alt=\"\" class=\"wp-image-10735\" srcset=\"https:\/\/www.bz-bodnegg.de\/wp-content\/uploads\/2023\/12\/5a942f85-b9cd-4637-987e-6ad9c1cf72a9-1024x768.jpg 1024w, https:\/\/www.bz-bodnegg.de\/wp-content\/uploads\/2023\/12\/5a942f85-b9cd-4637-987e-6ad9c1cf72a9-300x225.jpg 300w, https:\/\/www.bz-bodnegg.de\/wp-content\/uploads\/2023\/12\/5a942f85-b9cd-4637-987e-6ad9c1cf72a9-768x576.jpg 768w, https:\/\/www.bz-bodnegg.de\/wp-content\/uploads\/2023\/12\/5a942f85-b9cd-4637-987e-6ad9c1cf72a9-1536x1152.jpg 1536w, https:\/\/www.bz-bodnegg.de\/wp-content\/uploads\/2023\/12\/5a942f85-b9cd-4637-987e-6ad9c1cf72a9-624x468.jpg 624w, https:\/\/www.bz-bodnegg.de\/wp-content\/uploads\/2023\/12\/5a942f85-b9cd-4637-987e-6ad9c1cf72a9.jpg 2048w\" sizes=\"auto, (max-width: 1024px) 100vw, 1024px\" \/><\/a><\/figure>\n\n\n\n<figure class=\"wp-block-image size-large\"><a href=\"https:\/\/www.bz-bodnegg.de\/wp-content\/uploads\/2023\/12\/Weihnachtsmarkt--scaled.jpg\"><img loading=\"lazy\" decoding=\"async\" width=\"1024\" height=\"613\" data-id=\"10731\" src=\"https:\/\/www.bz-bodnegg.de\/wp-content\/uploads\/2023\/12\/Weihnachtsmarkt--1024x613.jpg\" alt=\"\" class=\"wp-image-10731\" srcset=\"https:\/\/www.bz-bodnegg.de\/wp-content\/uploads\/2023\/12\/Weihnachtsmarkt--1024x613.jpg 1024w, https:\/\/www.bz-bodnegg.de\/wp-content\/uploads\/2023\/12\/Weihnachtsmarkt--300x180.jpg 300w, https:\/\/www.bz-bodnegg.de\/wp-content\/uploads\/2023\/12\/Weihnachtsmarkt--768x460.jpg 768w, https:\/\/www.bz-bodnegg.de\/wp-content\/uploads\/2023\/12\/Weihnachtsmarkt--1536x919.jpg 1536w, https:\/\/www.bz-bodnegg.de\/wp-content\/uploads\/2023\/12\/Weihnachtsmarkt--2048x1226.jpg 2048w, https:\/\/www.bz-bodnegg.de\/wp-content\/uploads\/2023\/12\/Weihnachtsmarkt--624x373.jpg 624w\" sizes=\"auto, (max-width: 1024px) 100vw, 1024px\" \/><\/a><\/figure>\n\n\n\n<figure class=\"wp-block-image size-large\"><a href=\"https:\/\/www.bz-bodnegg.de\/wp-content\/uploads\/2023\/12\/20231125_113256-scaled.jpg\"><img loading=\"lazy\" decoding=\"async\" width=\"1024\" height=\"768\" data-id=\"10732\" src=\"https:\/\/www.bz-bodnegg.de\/wp-content\/uploads\/2023\/12\/20231125_113256-1024x768.jpg\" alt=\"\" class=\"wp-image-10732\" srcset=\"https:\/\/www.bz-bodnegg.de\/wp-content\/uploads\/2023\/12\/20231125_113256-1024x768.jpg 1024w, https:\/\/www.bz-bodnegg.de\/wp-content\/uploads\/2023\/12\/20231125_113256-300x225.jpg 300w, https:\/\/www.bz-bodnegg.de\/wp-content\/uploads\/2023\/12\/20231125_113256-768x576.jpg 768w, https:\/\/www.bz-bodnegg.de\/wp-content\/uploads\/2023\/12\/20231125_113256-1536x1152.jpg 1536w, https:\/\/www.bz-bodnegg.de\/wp-content\/uploads\/2023\/12\/20231125_113256-2048x1536.jpg 2048w, https:\/\/www.bz-bodnegg.de\/wp-content\/uploads\/2023\/12\/20231125_113256-624x468.jpg 624w\" sizes=\"auto, (max-width: 1024px) 100vw, 1024px\" \/><\/a><\/figure>\n\n\n\n<figure class=\"wp-block-image size-large\"><a href=\"https:\/\/www.bz-bodnegg.de\/wp-content\/uploads\/2023\/12\/20231125_122802-scaled.jpg\"><img loading=\"lazy\" decoding=\"async\" width=\"1024\" height=\"768\" data-id=\"10733\" src=\"https:\/\/www.bz-bodnegg.de\/wp-content\/uploads\/2023\/12\/20231125_122802-1024x768.jpg\" alt=\"\" class=\"wp-image-10733\" srcset=\"https:\/\/www.bz-bodnegg.de\/wp-content\/uploads\/2023\/12\/20231125_122802-1024x768.jpg 1024w, https:\/\/www.bz-bodnegg.de\/wp-content\/uploads\/2023\/12\/20231125_122802-300x225.jpg 300w, https:\/\/www.bz-bodnegg.de\/wp-content\/uploads\/2023\/12\/20231125_122802-768x576.jpg 768w, https:\/\/www.bz-bodnegg.de\/wp-content\/uploads\/2023\/12\/20231125_122802-1536x1152.jpg 1536w, https:\/\/www.bz-bodnegg.de\/wp-content\/uploads\/2023\/12\/20231125_122802-2048x1536.jpg 2048w, https:\/\/www.bz-bodnegg.de\/wp-content\/uploads\/2023\/12\/20231125_122802-624x468.jpg 624w\" sizes=\"auto, (max-width: 1024px) 100vw, 1024px\" \/><\/a><\/figure>\n<\/figure>\n\n\n\n<p>Am Samstag, den 25.11.2023, war das Bildungszentrum auch in diesem Jahr wieder mit verschiedenen Klassen auf dem Weihnachtsmarkt in Bodnegg vertreten. Zudem hatte die Klasse 10a einen Stand auf dem Weihnachtsmarkt am Schloss Achberg. Der Verkauf von verschiedenen Getr\u00e4nken und leckeren Essensangeboten &#8211; wie Stockbrot, Waffeln oder Wienerle \u2013 machte nicht nur Spa\u00df, sondern brachte auch den ein oder anderen Euro f\u00fcr die Klassenkassen. Ein ganz besonderes Produkt gab es am Stand der 1b. Hier konnten Holz-Vesperbretter erworben werden, auf die Sch\u00fclerbilder graviert sind.&nbsp;&nbsp;<\/p>\n\n\n\n<p>Einen herzlichen Dank f\u00fcr die Unterst\u00fctzung geht an das Schlosscaf\u00e9 Achberg und an die Holz79 Manufaktur aus Wangen.<\/p>\n","protected":false},"excerpt":{"rendered":"<p>Am Samstag, den 25.11.2023, war das Bildungszentrum auch in diesem Jahr wieder mit verschiedenen Klassen auf dem Weihnachtsmarkt in Bodnegg vertreten. Zudem hatte die Klasse 10a einen Stand auf dem Weihnachtsmarkt am Schloss Achberg. Der Verkauf von verschiedenen Getr\u00e4nken und leckeren Essensangeboten &#8211; wie Stockbrot, Waffeln oder Wienerle \u2013 machte nicht nur Spa\u00df, sondern brachte [&hellip;]<\/p>\n","protected":false},"author":4,"featured_media":0,"comment_status":"closed","ping_status":"closed","sticky":false,"template":"","format":"standard","meta":{"footnotes":""},"categories":[1],"tags":[],"class_list":["post-10734","post","type-post","status-publish","format-standard","hentry","category-allgemein"],"_links":{"self":[{"href":"https:\/\/www.bz-bodnegg.de\/index.php?rest_route=\/wp\/v2\/posts\/10734","targetHints":{"allow":["GET"]}}],"collection":[{"href":"https:\/\/www.bz-bodnegg.de\/index.php?rest_route=\/wp\/v2\/posts"}],"about":[{"href":"https:\/\/www.bz-bodnegg.de\/index.php?rest_route=\/wp\/v2\/types\/post"}],"author":[{"embeddable":true,"href":"https:\/\/www.bz-bodnegg.de\/index.php?rest_route=\/wp\/v2\/users\/4"}],"replies":[{"embeddable":true,"href":"https:\/\/www.bz-bodnegg.de\/index.php?rest_route=%2Fwp%2Fv2%2Fcomments&post=10734"}],"version-history":[{"count":2,"href":"https:\/\/www.bz-bodnegg.de\/index.php?rest_route=\/wp\/v2\/posts\/10734\/revisions"}],"predecessor-version":[{"id":10738,"href":"https:\/\/www.bz-bodnegg.de\/index.php?rest_route=\/wp\/v2\/posts\/10734\/revisions\/10738"}],"wp:attachment":[{"href":"https:\/\/www.bz-bodnegg.de\/index.php?rest_route=%2Fwp%2Fv2%2Fmedia&parent=10734"}],"wp:term":[{"taxonomy":"category","embeddable":true,"href":"https:\/\/www.bz-bodnegg.de\/index.php?rest_route=%2Fwp%2Fv2%2Fcategories&post=10734"},{"taxonomy":"post_tag","embeddable":true,"href":"https:\/\/www.bz-bodnegg.de\/index.php?rest_route=%2Fwp%2Fv2%2Ftags&post=10734"}],"curies":[{"name":"wp","href":"https:\/\/api.w.org\/{rel}","templated":true}]}}