{"id":10757,"date":"2023-12-06T11:45:28","date_gmt":"2023-12-06T09:45:28","guid":{"rendered":"https:\/\/www.bz-bodnegg.de\/?p=10757"},"modified":"2023-12-06T11:45:29","modified_gmt":"2023-12-06T09:45:29","slug":"lernfahrt-nach-dachau-reise-in-vergangenheit-und-gegenwart","status":"publish","type":"post","link":"https:\/\/www.bz-bodnegg.de\/?p=10757","title":{"rendered":"Lernfahrt nach Dachau &#8211; Reise in Vergangenheit und Gegenwart"},"content":{"rendered":"\n<figure class=\"wp-block-image size-large is-resized\"><a href=\"https:\/\/www.bz-bodnegg.de\/wp-content\/uploads\/2023\/12\/20181128_131300-scaled.jpg\"><img loading=\"lazy\" decoding=\"async\" width=\"768\" height=\"1024\" src=\"https:\/\/www.bz-bodnegg.de\/wp-content\/uploads\/2023\/12\/20181128_131300-768x1024.jpg\" alt=\"\" class=\"wp-image-10758\" style=\"width:179px;height:auto\" srcset=\"https:\/\/www.bz-bodnegg.de\/wp-content\/uploads\/2023\/12\/20181128_131300-768x1024.jpg 768w, https:\/\/www.bz-bodnegg.de\/wp-content\/uploads\/2023\/12\/20181128_131300-225x300.jpg 225w, https:\/\/www.bz-bodnegg.de\/wp-content\/uploads\/2023\/12\/20181128_131300-1152x1536.jpg 1152w, https:\/\/www.bz-bodnegg.de\/wp-content\/uploads\/2023\/12\/20181128_131300-1536x2048.jpg 1536w, https:\/\/www.bz-bodnegg.de\/wp-content\/uploads\/2023\/12\/20181128_131300-624x832.jpg 624w, https:\/\/www.bz-bodnegg.de\/wp-content\/uploads\/2023\/12\/20181128_131300-scaled.jpg 1920w\" sizes=\"auto, (max-width: 768px) 100vw, 768px\" \/><\/a><\/figure>\n\n\n\n<p>Ein seit Jahren fester Bestandteil der historisch-politischen Bildung an unserer Schule ist ein Besuch der KZ-Gedenkst\u00e4tte in Dachau mit den Neuntkl\u00e4sslern der WRS und den Zehntkl\u00e4sslern der Realschule. H\u00f6hepunkt der Lernfahrt waren auch dieses Mal die sehr gelungenen F\u00fchrungen. Das kalte und triste Wetter dieses 28. Novembers passte sehr gut zu den Erz\u00e4hlungen \u00fcber die grausige und trostlose Welt, die die SS w\u00e4hrend des Dritten Reiches auf diesem kleinen St\u00fcckchen Erde geschaffen hatte. Doch warum f\u00fchren wir diese Exkursion fast 80 Jahre nach Ende des NS-Regimes noch durch?<\/p>\n\n\n\n<!--more-->\n\n\n\n<p> W\u00e4hrend der Vorbereitung erreichte uns folgender Kommentar zum Thema Konzentrationslager: \u201eDie unendliche Geschichte\u201c. \u00dcbersetzt mag das wohl hei\u00dfen, dass die Zeit und die Verbrechen der nationalsozialistischen Diktatur nicht l\u00e4nger ein zentraler Bestandteil des Geschichtsunterrichts sein sollten.<\/p>\n\n\n\n<p>Das ist alleine schon deswegen eine grundfalsche Ansicht, weil dieser Teil der deutschen Vergangenheit in unserem Land immer wieder auch die politische Diskussion der Gegenwart beeinflusst, also gar nicht nur \u201eGeschichte\u201c ist. M\u00f6glicherweise aber ist es ja genau das, was den Schreiber der oben zitierten Worte st\u00f6rt und er geh\u00f6rt zu denjenigen, die Deutschland vom \u201eSchuldkult befreit\u201c sehen wollen. Dem ist zu entgegnen, dass ein Staat eine Gemeinschaft der Lebenden, der Toten und der Zuk\u00fcnftigen ist. Die Schuld der Toten ist nicht die Schuld der Lebenden, aber sie gibt den heute Lebenden Verantwortung und die Aufgabe, diese Verantwortung auch an die n\u00e4chste Generation weiterzureichen.<\/p>\n\n\n\n<p>Dazu geh\u00f6rt auch bewusst zu machen, dass Konzentrationslager tats\u00e4chlich \u201eunendliche Geschichte\u201c sind und zwar im Sinne st\u00e4ndig wiederkehrender Geschichte. Sie sind in welcher Form auch immer das Kennzeichen aller Diktaturen in Vergangenheit und Gegenwart. Wir hingegen haben das f\u00fcr viele zur Selbstverst\u00e4ndlichkeit gewordene Gl\u00fcck, in einer freiheitlichen Demokratie zu leben. Doch dieses Gl\u00fcck will gestaltet sein und muss immer wieder aufs Neue verteidigt werden, denn der Blick in die Geschichte zeigt, dass nichts selbstverst\u00e4ndlich ist.<\/p>\n\n\n\n<p>Ein Kennzeichen freiheitlicher Demokratien ist das Recht auf freie Meinungs\u00e4u\u00dferung. Die Angst wegen eines freien Wortes nachts von Geheimpolizisten aus dem Bett geholt und in ein KZ verschleppt zu werden, kennen wir in unserem kleinen Teil der Welt heute nicht. Dies gilt im \u00dcbrigen auch f\u00fcr unerw\u00fcnschte und unpopul\u00e4re Meinungsbekundungen. Wir werden weiterhin unseren Beitrag dazu leisten, dass es auch so bleibt.<\/p>\n","protected":false},"excerpt":{"rendered":"<p>Ein seit Jahren fester Bestandteil der historisch-politischen Bildung an unserer Schule ist ein Besuch der KZ-Gedenkst\u00e4tte in Dachau mit den Neuntkl\u00e4sslern der WRS und den Zehntkl\u00e4sslern der Realschule. H\u00f6hepunkt der Lernfahrt waren auch dieses Mal die sehr gelungenen F\u00fchrungen. Das kalte und triste Wetter dieses 28. Novembers passte sehr gut zu den Erz\u00e4hlungen \u00fcber die [&hellip;]<\/p>\n","protected":false},"author":4,"featured_media":0,"comment_status":"closed","ping_status":"closed","sticky":false,"template":"","format":"standard","meta":{"footnotes":""},"categories":[1],"tags":[],"class_list":["post-10757","post","type-post","status-publish","format-standard","hentry","category-allgemein"],"_links":{"self":[{"href":"https:\/\/www.bz-bodnegg.de\/index.php?rest_route=\/wp\/v2\/posts\/10757","targetHints":{"allow":["GET"]}}],"collection":[{"href":"https:\/\/www.bz-bodnegg.de\/index.php?rest_route=\/wp\/v2\/posts"}],"about":[{"href":"https:\/\/www.bz-bodnegg.de\/index.php?rest_route=\/wp\/v2\/types\/post"}],"author":[{"embeddable":true,"href":"https:\/\/www.bz-bodnegg.de\/index.php?rest_route=\/wp\/v2\/users\/4"}],"replies":[{"embeddable":true,"href":"https:\/\/www.bz-bodnegg.de\/index.php?rest_route=%2Fwp%2Fv2%2Fcomments&post=10757"}],"version-history":[{"count":1,"href":"https:\/\/www.bz-bodnegg.de\/index.php?rest_route=\/wp\/v2\/posts\/10757\/revisions"}],"predecessor-version":[{"id":10759,"href":"https:\/\/www.bz-bodnegg.de\/index.php?rest_route=\/wp\/v2\/posts\/10757\/revisions\/10759"}],"wp:attachment":[{"href":"https:\/\/www.bz-bodnegg.de\/index.php?rest_route=%2Fwp%2Fv2%2Fmedia&parent=10757"}],"wp:term":[{"taxonomy":"category","embeddable":true,"href":"https:\/\/www.bz-bodnegg.de\/index.php?rest_route=%2Fwp%2Fv2%2Fcategories&post=10757"},{"taxonomy":"post_tag","embeddable":true,"href":"https:\/\/www.bz-bodnegg.de\/index.php?rest_route=%2Fwp%2Fv2%2Ftags&post=10757"}],"curies":[{"name":"wp","href":"https:\/\/api.w.org\/{rel}","templated":true}]}}