{"id":13021,"date":"2026-03-08T19:31:33","date_gmt":"2026-03-08T17:31:33","guid":{"rendered":"https:\/\/www.bz-bodnegg.de\/?p=13021"},"modified":"2026-03-08T19:31:34","modified_gmt":"2026-03-08T17:31:34","slug":"juniorwahl-baden-wuerttemberg-am-bzb","status":"publish","type":"post","link":"https:\/\/www.bz-bodnegg.de\/?p=13021","title":{"rendered":"Juniorwahl Baden-W\u00fcrttemberg am BZB"},"content":{"rendered":"\n<figure class=\"wp-block-gallery has-nested-images columns-default is-cropped wp-block-gallery-1 is-layout-flex wp-block-gallery-is-layout-flex\">\n<figure class=\"wp-block-image size-large\"><a href=\"https:\/\/www.bz-bodnegg.de\/wp-content\/uploads\/2026\/03\/IMG_7920-scaled.jpeg\"><img loading=\"lazy\" decoding=\"async\" width=\"1024\" height=\"576\" data-id=\"13013\" src=\"https:\/\/www.bz-bodnegg.de\/wp-content\/uploads\/2026\/03\/IMG_7920-1024x576.jpeg\" alt=\"\" class=\"wp-image-13013\" srcset=\"https:\/\/www.bz-bodnegg.de\/wp-content\/uploads\/2026\/03\/IMG_7920-1024x576.jpeg 1024w, https:\/\/www.bz-bodnegg.de\/wp-content\/uploads\/2026\/03\/IMG_7920-300x169.jpeg 300w, https:\/\/www.bz-bodnegg.de\/wp-content\/uploads\/2026\/03\/IMG_7920-768x432.jpeg 768w, https:\/\/www.bz-bodnegg.de\/wp-content\/uploads\/2026\/03\/IMG_7920-1536x864.jpeg 1536w, https:\/\/www.bz-bodnegg.de\/wp-content\/uploads\/2026\/03\/IMG_7920-2048x1152.jpeg 2048w, https:\/\/www.bz-bodnegg.de\/wp-content\/uploads\/2026\/03\/IMG_7920-624x351.jpeg 624w\" sizes=\"auto, (max-width: 1024px) 100vw, 1024px\" \/><\/a><\/figure>\n\n\n\n<figure class=\"wp-block-image size-large\"><a href=\"https:\/\/www.bz-bodnegg.de\/wp-content\/uploads\/2026\/03\/IMG_7919-scaled.jpeg\"><img loading=\"lazy\" decoding=\"async\" width=\"1024\" height=\"576\" data-id=\"13014\" src=\"https:\/\/www.bz-bodnegg.de\/wp-content\/uploads\/2026\/03\/IMG_7919-1024x576.jpeg\" alt=\"\" class=\"wp-image-13014\" srcset=\"https:\/\/www.bz-bodnegg.de\/wp-content\/uploads\/2026\/03\/IMG_7919-1024x576.jpeg 1024w, https:\/\/www.bz-bodnegg.de\/wp-content\/uploads\/2026\/03\/IMG_7919-300x169.jpeg 300w, https:\/\/www.bz-bodnegg.de\/wp-content\/uploads\/2026\/03\/IMG_7919-768x432.jpeg 768w, https:\/\/www.bz-bodnegg.de\/wp-content\/uploads\/2026\/03\/IMG_7919-1536x864.jpeg 1536w, https:\/\/www.bz-bodnegg.de\/wp-content\/uploads\/2026\/03\/IMG_7919-2048x1152.jpeg 2048w, https:\/\/www.bz-bodnegg.de\/wp-content\/uploads\/2026\/03\/IMG_7919-624x351.jpeg 624w\" sizes=\"auto, (max-width: 1024px) 100vw, 1024px\" \/><\/a><\/figure>\n\n\n\n<figure class=\"wp-block-image size-large\"><a href=\"https:\/\/www.bz-bodnegg.de\/wp-content\/uploads\/2026\/03\/IMG_7916-scaled.jpeg\"><img loading=\"lazy\" decoding=\"async\" width=\"1024\" height=\"576\" data-id=\"13015\" src=\"https:\/\/www.bz-bodnegg.de\/wp-content\/uploads\/2026\/03\/IMG_7916-1024x576.jpeg\" alt=\"\" class=\"wp-image-13015\" srcset=\"https:\/\/www.bz-bodnegg.de\/wp-content\/uploads\/2026\/03\/IMG_7916-1024x576.jpeg 1024w, https:\/\/www.bz-bodnegg.de\/wp-content\/uploads\/2026\/03\/IMG_7916-300x169.jpeg 300w, https:\/\/www.bz-bodnegg.de\/wp-content\/uploads\/2026\/03\/IMG_7916-768x432.jpeg 768w, https:\/\/www.bz-bodnegg.de\/wp-content\/uploads\/2026\/03\/IMG_7916-1536x864.jpeg 1536w, https:\/\/www.bz-bodnegg.de\/wp-content\/uploads\/2026\/03\/IMG_7916-2048x1152.jpeg 2048w, https:\/\/www.bz-bodnegg.de\/wp-content\/uploads\/2026\/03\/IMG_7916-624x351.jpeg 624w\" sizes=\"auto, (max-width: 1024px) 100vw, 1024px\" \/><\/a><\/figure>\n<\/figure>\n\n\n\n<p>In diesem Jahr nahm unsere Schule an der Juniorwahl<strong> <\/strong>Baden<strong>&#8211;<\/strong>W\u00fcrttemberg teil. Die Organisation und Durchf\u00fchrung \u00fcbernahm die SMV<strong> (<\/strong>Sch\u00fclermitverantwortung<strong>)<\/strong>, die damit ein wichtiges Zeichen f\u00fcr politische Bildung und demokratische Teilhabe setzte.<\/p>\n\n\n\n<p>Im Vorfeld der Wahl besch\u00e4ftigten sich die Sch\u00fclerinnen und Sch\u00fcler mit den Parteien, Programmen und dem Wahlsystem. Anschlie\u00dfend konnten sie \u2013 ganz wie bei einer echten Wahl \u2013 ihre Stimme in einem realit\u00e4tsnahen Wahlverfahren abgeben. Wahlkabinen, Stimmzettel und eine ordnungsgem\u00e4\u00dfe Ausz\u00e4hlung sorgten dabei f\u00fcr eine authentische Wahlerfahrung.<\/p>\n\n\n\n<p>Die Juniorwahl bietet Jugendlichen die M\u00f6glichkeit, Demokratie praktisch zu erleben und sich fr\u00fchzeitig mit politischen Prozessen auseinanderzusetzen. Ein gro\u00dfer Dank gilt der SMV und allen beteiligten Helferinnen und Helfern, die die Durchf\u00fchrung der Wahl an unserer Schule m\u00f6glich gemacht haben.<\/p>\n","protected":false},"excerpt":{"rendered":"<p>In diesem Jahr nahm unsere Schule an der Juniorwahl Baden&#8211;W\u00fcrttemberg teil. Die Organisation und Durchf\u00fchrung \u00fcbernahm die SMV (Sch\u00fclermitverantwortung), die damit ein wichtiges Zeichen f\u00fcr politische Bildung und demokratische Teilhabe setzte. Im Vorfeld der Wahl besch\u00e4ftigten sich die Sch\u00fclerinnen und Sch\u00fcler mit den Parteien, Programmen und dem Wahlsystem. Anschlie\u00dfend konnten sie \u2013 ganz wie bei [&hellip;]<\/p>\n","protected":false},"author":4,"featured_media":0,"comment_status":"closed","ping_status":"closed","sticky":false,"template":"","format":"standard","meta":{"footnotes":""},"categories":[1],"tags":[],"class_list":["post-13021","post","type-post","status-publish","format-standard","hentry","category-allgemein"],"_links":{"self":[{"href":"https:\/\/www.bz-bodnegg.de\/index.php?rest_route=\/wp\/v2\/posts\/13021","targetHints":{"allow":["GET"]}}],"collection":[{"href":"https:\/\/www.bz-bodnegg.de\/index.php?rest_route=\/wp\/v2\/posts"}],"about":[{"href":"https:\/\/www.bz-bodnegg.de\/index.php?rest_route=\/wp\/v2\/types\/post"}],"author":[{"embeddable":true,"href":"https:\/\/www.bz-bodnegg.de\/index.php?rest_route=\/wp\/v2\/users\/4"}],"replies":[{"embeddable":true,"href":"https:\/\/www.bz-bodnegg.de\/index.php?rest_route=%2Fwp%2Fv2%2Fcomments&post=13021"}],"version-history":[{"count":1,"href":"https:\/\/www.bz-bodnegg.de\/index.php?rest_route=\/wp\/v2\/posts\/13021\/revisions"}],"predecessor-version":[{"id":13022,"href":"https:\/\/www.bz-bodnegg.de\/index.php?rest_route=\/wp\/v2\/posts\/13021\/revisions\/13022"}],"wp:attachment":[{"href":"https:\/\/www.bz-bodnegg.de\/index.php?rest_route=%2Fwp%2Fv2%2Fmedia&parent=13021"}],"wp:term":[{"taxonomy":"category","embeddable":true,"href":"https:\/\/www.bz-bodnegg.de\/index.php?rest_route=%2Fwp%2Fv2%2Fcategories&post=13021"},{"taxonomy":"post_tag","embeddable":true,"href":"https:\/\/www.bz-bodnegg.de\/index.php?rest_route=%2Fwp%2Fv2%2Ftags&post=13021"}],"curies":[{"name":"wp","href":"https:\/\/api.w.org\/{rel}","templated":true}]}}