{"id":1842,"date":"2015-12-18T12:20:41","date_gmt":"2015-12-18T10:20:41","guid":{"rendered":"http:\/\/www.bz-bodnegg.de\/?p=1842"},"modified":"2015-12-18T12:30:07","modified_gmt":"2015-12-18T10:30:07","slug":"tierwanderung-mit-esel-und-ziege","status":"publish","type":"post","link":"https:\/\/www.bz-bodnegg.de\/?p=1842","title":{"rendered":"Tierwanderung mit Esel und Ziege"},"content":{"rendered":"<p><strong><a href=\"https:\/\/www.bz-bodnegg.de\/wp-content\/uploads\/2015\/12\/IMG_4320.jpg\"><img loading=\"lazy\" decoding=\"async\" class=\"alignnone size-thumbnail wp-image-1843\" src=\"https:\/\/www.bz-bodnegg.de\/wp-content\/uploads\/2015\/12\/IMG_4320-110x110.jpg\" alt=\"IMG_4320\" width=\"110\" height=\"110\" srcset=\"https:\/\/www.bz-bodnegg.de\/wp-content\/uploads\/2015\/12\/IMG_4320-110x110.jpg 110w, https:\/\/www.bz-bodnegg.de\/wp-content\/uploads\/2015\/12\/IMG_4320-144x144.jpg 144w\" sizes=\"auto, (max-width: 110px) 100vw, 110px\" \/><\/a>\u00a0<a href=\"https:\/\/www.bz-bodnegg.de\/wp-content\/uploads\/2015\/12\/IMG_4325.jpg\"><img loading=\"lazy\" decoding=\"async\" class=\"alignnone size-thumbnail wp-image-1844\" src=\"https:\/\/www.bz-bodnegg.de\/wp-content\/uploads\/2015\/12\/IMG_4325-110x110.jpg\" alt=\"IMG_4325\" width=\"110\" height=\"110\" srcset=\"https:\/\/www.bz-bodnegg.de\/wp-content\/uploads\/2015\/12\/IMG_4325-110x110.jpg 110w, https:\/\/www.bz-bodnegg.de\/wp-content\/uploads\/2015\/12\/IMG_4325-144x144.jpg 144w\" sizes=\"auto, (max-width: 110px) 100vw, 110px\" \/><\/a>\u00a0<a href=\"https:\/\/www.bz-bodnegg.de\/wp-content\/uploads\/2015\/12\/IMG_4339.jpg\"><img loading=\"lazy\" decoding=\"async\" class=\"alignnone size-thumbnail wp-image-1845\" src=\"https:\/\/www.bz-bodnegg.de\/wp-content\/uploads\/2015\/12\/IMG_4339-110x110.jpg\" alt=\"IMG_4339\" width=\"110\" height=\"110\" srcset=\"https:\/\/www.bz-bodnegg.de\/wp-content\/uploads\/2015\/12\/IMG_4339-110x110.jpg 110w, https:\/\/www.bz-bodnegg.de\/wp-content\/uploads\/2015\/12\/IMG_4339-144x144.jpg 144w\" sizes=\"auto, (max-width: 110px) 100vw, 110px\" \/><\/a>\u00a0<a href=\"https:\/\/www.bz-bodnegg.de\/wp-content\/uploads\/2015\/12\/IMG_4353.jpg\"><img loading=\"lazy\" decoding=\"async\" class=\"alignnone size-thumbnail wp-image-1847\" src=\"https:\/\/www.bz-bodnegg.de\/wp-content\/uploads\/2015\/12\/IMG_4353-110x110.jpg\" alt=\"IMG_4353\" width=\"110\" height=\"110\" srcset=\"https:\/\/www.bz-bodnegg.de\/wp-content\/uploads\/2015\/12\/IMG_4353-110x110.jpg 110w, https:\/\/www.bz-bodnegg.de\/wp-content\/uploads\/2015\/12\/IMG_4353-144x144.jpg 144w\" sizes=\"auto, (max-width: 110px) 100vw, 110px\" \/><\/a> <a href=\"https:\/\/www.bz-bodnegg.de\/wp-content\/uploads\/2015\/12\/IMG_4361.jpg\"><img loading=\"lazy\" decoding=\"async\" class=\"alignnone size-thumbnail wp-image-1848\" src=\"https:\/\/www.bz-bodnegg.de\/wp-content\/uploads\/2015\/12\/IMG_4361-110x110.jpg\" alt=\"IMG_4361\" width=\"110\" height=\"110\" srcset=\"https:\/\/www.bz-bodnegg.de\/wp-content\/uploads\/2015\/12\/IMG_4361-110x110.jpg 110w, https:\/\/www.bz-bodnegg.de\/wp-content\/uploads\/2015\/12\/IMG_4361-144x144.jpg 144w\" sizes=\"auto, (max-width: 110px) 100vw, 110px\" \/><\/a> <a href=\"https:\/\/www.bz-bodnegg.de\/wp-content\/uploads\/2015\/12\/IMG_4363.jpg\"><img loading=\"lazy\" decoding=\"async\" class=\"alignnone size-thumbnail wp-image-1849\" src=\"https:\/\/www.bz-bodnegg.de\/wp-content\/uploads\/2015\/12\/IMG_4363-110x110.jpg\" alt=\"IMG_4363\" width=\"110\" height=\"110\" srcset=\"https:\/\/www.bz-bodnegg.de\/wp-content\/uploads\/2015\/12\/IMG_4363-110x110.jpg 110w, https:\/\/www.bz-bodnegg.de\/wp-content\/uploads\/2015\/12\/IMG_4363-144x144.jpg 144w\" sizes=\"auto, (max-width: 110px) 100vw, 110px\" \/><\/a>\u00a0\u00a0 \u00a0\u00a0\u00a0<\/strong><\/p>\n<p style=\"text-align: justify;\">Ein toller Tag erwartete unsere beiden zweiten Klassen zusammen mit ihren Lehrkr\u00e4ften Frau K\u00fcmmich, Frau W\u00f6lfle und Herr Grabherr am Donnerstag, den 10. Dezember 2015. Im Sinne der Begegnung lud uns die St. Gallus Hilfe der Stiftung LIebenau\u00a0auf eine spannende, erlebnisreiche Winterwanderung zusammen mit ihren beiden Eseln \u201eFerdinand\u201c und \u201ePauline\u201c und den Ziegen \u201eSchneewei\u00dfchen und Rosenrot\u201c ein. <!--more-->Zun\u00e4chst machten wir uns nach Schulbeginn zu Fu\u00df auf den Weg nach Rosenharz. Es war kalt und sonnig, was den Raureif auf Bl\u00e4ttern und Gras wundersch\u00f6n zum Glitzern brachte. Bei herrlicher Bergkulisse und dem Nebelmeer \u00fcber dem Bodensee bot sich uns ein sch\u00f6nes Naturschauspiel. In Rosenharz angekommen wurden wir herzlich mit Tee und hauseigenem M\u00fcsli von den dortigen Mitarbeitern begr\u00fc\u00dft.<\/p>\n<p style=\"text-align: justify;\">Gut gest\u00e4rkt konnte es dann losgehen mit der Tierwanderung. Als erstes durften wir die Stallungen aller Tiere besichtigen und diese f\u00fcttern. So lernten wir nicht nur die Ziegen und Esel kennen, sondern auch die Schweine namens \u201eGisela\u201c und \u201eSocke\u201c. Auch ins Hasen- und Meerschweinchengehege bekamen wir Einlass.<\/p>\n<p style=\"text-align: justify;\">Anschlie\u00dfend wanderten wir zusammen mit Ferdinand, Pauline, Schneewei\u00dfchen und Rosenrot , gef\u00fchrt von den Tierpflegern Stefanie und Patrick und weiteren Mitarbeitern und unter der Leitung von Herrn L\u00fcdke auf den Pfaden der Natur wieder zur\u00fcck in Richtung Schule. Jeder durfte mal f\u00fchren, was ganz sch\u00f6n aufregend war. Manche Glatteisstelle galt es zu meistern. Doch alle sind gut und fr\u00f6hlich angekommen. Sicher au\u00dfergew\u00f6hnlich und lustig war der Anblick, dass da nicht nur Hund und Katz` durchs Wohngebiet spazierten, sondern wir mit Ziege und Esel.<\/p>\n<p style=\"text-align: justify;\">Insgesamt war dieser Tag war ein sehr sch\u00f6ner, im Sinne der Begegnung zwischen den Menschen, Tieren und der Natur und wir freuen uns auf ein Wiedersehen.\u00a0\u00a0<br \/>\n<strong>Vielen Dank an das St. Gallus Stift in Rosenharz!<br \/>\n<\/strong><\/p>\n","protected":false},"excerpt":{"rendered":"<p>\u00a0\u00a0\u00a0 \u00a0\u00a0 \u00a0\u00a0\u00a0 Ein toller Tag erwartete unsere beiden zweiten Klassen zusammen mit ihren Lehrkr\u00e4ften Frau K\u00fcmmich, Frau W\u00f6lfle und Herr Grabherr am Donnerstag, den 10. Dezember 2015. Im Sinne der Begegnung lud uns die St. Gallus Hilfe der Stiftung LIebenau\u00a0auf eine spannende, erlebnisreiche Winterwanderung zusammen mit ihren beiden Eseln \u201eFerdinand\u201c und \u201ePauline\u201c und den [&hellip;]<\/p>\n","protected":false},"author":4,"featured_media":0,"comment_status":"closed","ping_status":"closed","sticky":false,"template":"","format":"standard","meta":{"footnotes":""},"categories":[7],"tags":[],"class_list":["post-1842","post","type-post","status-publish","format-standard","hentry","category-veranstaltungen"],"_links":{"self":[{"href":"https:\/\/www.bz-bodnegg.de\/index.php?rest_route=\/wp\/v2\/posts\/1842","targetHints":{"allow":["GET"]}}],"collection":[{"href":"https:\/\/www.bz-bodnegg.de\/index.php?rest_route=\/wp\/v2\/posts"}],"about":[{"href":"https:\/\/www.bz-bodnegg.de\/index.php?rest_route=\/wp\/v2\/types\/post"}],"author":[{"embeddable":true,"href":"https:\/\/www.bz-bodnegg.de\/index.php?rest_route=\/wp\/v2\/users\/4"}],"replies":[{"embeddable":true,"href":"https:\/\/www.bz-bodnegg.de\/index.php?rest_route=%2Fwp%2Fv2%2Fcomments&post=1842"}],"version-history":[{"count":3,"href":"https:\/\/www.bz-bodnegg.de\/index.php?rest_route=\/wp\/v2\/posts\/1842\/revisions"}],"predecessor-version":[{"id":1853,"href":"https:\/\/www.bz-bodnegg.de\/index.php?rest_route=\/wp\/v2\/posts\/1842\/revisions\/1853"}],"wp:attachment":[{"href":"https:\/\/www.bz-bodnegg.de\/index.php?rest_route=%2Fwp%2Fv2%2Fmedia&parent=1842"}],"wp:term":[{"taxonomy":"category","embeddable":true,"href":"https:\/\/www.bz-bodnegg.de\/index.php?rest_route=%2Fwp%2Fv2%2Fcategories&post=1842"},{"taxonomy":"post_tag","embeddable":true,"href":"https:\/\/www.bz-bodnegg.de\/index.php?rest_route=%2Fwp%2Fv2%2Ftags&post=1842"}],"curies":[{"name":"wp","href":"https:\/\/api.w.org\/{rel}","templated":true}]}}