{"id":1866,"date":"2015-12-21T14:49:08","date_gmt":"2015-12-21T12:49:08","guid":{"rendered":"http:\/\/www.bz-bodnegg.de\/?p=1866"},"modified":"2015-12-21T14:50:11","modified_gmt":"2015-12-21T12:50:11","slug":"theoriewoche-zur-berufsorientierung-am-bzb","status":"publish","type":"post","link":"https:\/\/www.bz-bodnegg.de\/?p=1866","title":{"rendered":"Berufsorientierung am BZB"},"content":{"rendered":"<p><a href=\"https:\/\/www.bz-bodnegg.de\/wp-content\/uploads\/2015\/12\/1.jpg\"><img loading=\"lazy\" decoding=\"async\" class=\"alignnone size-thumbnail wp-image-1867\" src=\"https:\/\/www.bz-bodnegg.de\/wp-content\/uploads\/2015\/12\/1-110x110.jpg\" alt=\"1\" width=\"110\" height=\"110\" srcset=\"https:\/\/www.bz-bodnegg.de\/wp-content\/uploads\/2015\/12\/1-110x110.jpg 110w, https:\/\/www.bz-bodnegg.de\/wp-content\/uploads\/2015\/12\/1-144x144.jpg 144w\" sizes=\"auto, (max-width: 110px) 100vw, 110px\" \/><\/a> <a href=\"https:\/\/www.bz-bodnegg.de\/wp-content\/uploads\/2015\/12\/2.jpg\"><img loading=\"lazy\" decoding=\"async\" class=\"alignnone size-thumbnail wp-image-1868\" src=\"https:\/\/www.bz-bodnegg.de\/wp-content\/uploads\/2015\/12\/2-110x110.jpg\" alt=\"2\" width=\"110\" height=\"110\" srcset=\"https:\/\/www.bz-bodnegg.de\/wp-content\/uploads\/2015\/12\/2-110x110.jpg 110w, https:\/\/www.bz-bodnegg.de\/wp-content\/uploads\/2015\/12\/2-144x144.jpg 144w\" sizes=\"auto, (max-width: 110px) 100vw, 110px\" \/><\/a><\/p>\n<p style=\"text-align: justify;\">Wie soll es nach der Schule weitergehen? Mit dieser Frage setzten sich die Realsch\u00fclerinnen und Realsch\u00fcler der neunten Klassen am Bildungszentrum Bodnegg auseinander. Im Rahmen einer theoretischen Woche sammelten die Teilnehmer Erfahrungen aus einer Vielzahl unterschiedlicher Veranstaltungen. <!--more-->W\u00e4hrenddessen machten sich die Sch\u00fcler flei\u00dfig Notizen, f\u00fcllten Arbeitsbl\u00e4tter aus und nahmen Infomaterial entgegen. Dies aus gutem Grund, denn am Ende der Woche mussten alle ein Referat halten. Die Veranstaltungen umfassten folgende Schwerpunkte: Die BKK Versicherungen mit allgemeinen Hinweisen zum Bewerbungsverfahren, simulierten Einstellungstests und Vorstellungsgespr\u00e4chen, Tipps zur Kleidung sowie Sprache und Auftreten. Die St. Gallus Hilfe mit Berufsbildern aus dem sozialen Bereich und praktischen Anwendungen, erl\u00e4utert von Frau Decker. Der Arbeitsschutz, durchgef\u00fchrt von den Lehrkr\u00e4ften Frau Federau und Herr Winkler mit Sicherheitsbedingungen am Arbeitsplatz im Hinblick auf die BORS-Praxiswoche. Die weiterf\u00fchrenden Schulen mit Informationen \u00fcber s\u00e4mtliche Anschlussm\u00f6glichkeiten im schulischen Bereich unmittelbar nach dem Realschulabschluss (Frau Sch\u00fcrmann). Die Polizei mit M\u00f6glichkeiten einer Karriere bei der Polizei. Die Arbeitsagentur, vertreten durch Frau Bentele, mit Informationen in den Bereichen Bildungsangebote und Berufe. Die Firma Wagner-Group mit den Themen Bewerbungsverfahren und Onlinebewerbung, dargestellt von Frau Daue. Abgerundet wurde die Informationswoche durch Einblicke in Ausbildungsm\u00f6glichkeiten im \u00f6ffentlichen Dienst am Beispiel der Gemeinde Bodnegg, vertreten durch B\u00fcrgermeister Frick und Frau Joos. Zu guter Letzt stellte die ehemalige Sch\u00fclerin Frau Urbarz ihren Studiengang im Rahmen des Themas Studienbotschafter vor.<\/p>\n","protected":false},"excerpt":{"rendered":"<p>Wie soll es nach der Schule weitergehen? Mit dieser Frage setzten sich die Realsch\u00fclerinnen und Realsch\u00fcler der neunten Klassen am Bildungszentrum Bodnegg auseinander. Im Rahmen einer theoretischen Woche sammelten die Teilnehmer Erfahrungen aus einer Vielzahl unterschiedlicher Veranstaltungen.<\/p>\n","protected":false},"author":4,"featured_media":0,"comment_status":"closed","ping_status":"closed","sticky":false,"template":"","format":"standard","meta":{"footnotes":""},"categories":[8],"tags":[],"class_list":["post-1866","post","type-post","status-publish","format-standard","hentry","category-berufsorientierung"],"_links":{"self":[{"href":"https:\/\/www.bz-bodnegg.de\/index.php?rest_route=\/wp\/v2\/posts\/1866","targetHints":{"allow":["GET"]}}],"collection":[{"href":"https:\/\/www.bz-bodnegg.de\/index.php?rest_route=\/wp\/v2\/posts"}],"about":[{"href":"https:\/\/www.bz-bodnegg.de\/index.php?rest_route=\/wp\/v2\/types\/post"}],"author":[{"embeddable":true,"href":"https:\/\/www.bz-bodnegg.de\/index.php?rest_route=\/wp\/v2\/users\/4"}],"replies":[{"embeddable":true,"href":"https:\/\/www.bz-bodnegg.de\/index.php?rest_route=%2Fwp%2Fv2%2Fcomments&post=1866"}],"version-history":[{"count":3,"href":"https:\/\/www.bz-bodnegg.de\/index.php?rest_route=\/wp\/v2\/posts\/1866\/revisions"}],"predecessor-version":[{"id":1871,"href":"https:\/\/www.bz-bodnegg.de\/index.php?rest_route=\/wp\/v2\/posts\/1866\/revisions\/1871"}],"wp:attachment":[{"href":"https:\/\/www.bz-bodnegg.de\/index.php?rest_route=%2Fwp%2Fv2%2Fmedia&parent=1866"}],"wp:term":[{"taxonomy":"category","embeddable":true,"href":"https:\/\/www.bz-bodnegg.de\/index.php?rest_route=%2Fwp%2Fv2%2Fcategories&post=1866"},{"taxonomy":"post_tag","embeddable":true,"href":"https:\/\/www.bz-bodnegg.de\/index.php?rest_route=%2Fwp%2Fv2%2Ftags&post=1866"}],"curies":[{"name":"wp","href":"https:\/\/api.w.org\/{rel}","templated":true}]}}