{"id":1873,"date":"2015-12-21T15:59:32","date_gmt":"2015-12-21T13:59:32","guid":{"rendered":"http:\/\/www.bz-bodnegg.de\/?p=1873"},"modified":"2016-01-12T12:20:32","modified_gmt":"2016-01-12T10:20:32","slug":"schulweihnachtsmarkt-der-smv","status":"publish","type":"post","link":"https:\/\/www.bz-bodnegg.de\/?p=1873","title":{"rendered":"Schulweihnachtsmarkt der SMV"},"content":{"rendered":"<p style=\"text-align: justify;\"><a href=\"https:\/\/www.bz-bodnegg.de\/wp-content\/uploads\/2015\/12\/DSC_00071.jpg\"><img loading=\"lazy\" decoding=\"async\" class=\"alignnone size-thumbnail wp-image-1874\" src=\"https:\/\/www.bz-bodnegg.de\/wp-content\/uploads\/2015\/12\/DSC_00071-110x110.jpg\" alt=\"DSC_0007\" width=\"110\" height=\"110\" srcset=\"https:\/\/www.bz-bodnegg.de\/wp-content\/uploads\/2015\/12\/DSC_00071-110x110.jpg 110w, https:\/\/www.bz-bodnegg.de\/wp-content\/uploads\/2015\/12\/DSC_00071-144x144.jpg 144w\" sizes=\"auto, (max-width: 110px) 100vw, 110px\" \/><\/a>\u00a0<a href=\"https:\/\/www.bz-bodnegg.de\/wp-content\/uploads\/2015\/12\/DSC_00101.jpg\"><img loading=\"lazy\" decoding=\"async\" class=\"alignnone size-thumbnail wp-image-1875\" src=\"https:\/\/www.bz-bodnegg.de\/wp-content\/uploads\/2015\/12\/DSC_00101-110x110.jpg\" alt=\"DSC_0010\" width=\"110\" height=\"110\" srcset=\"https:\/\/www.bz-bodnegg.de\/wp-content\/uploads\/2015\/12\/DSC_00101-110x110.jpg 110w, https:\/\/www.bz-bodnegg.de\/wp-content\/uploads\/2015\/12\/DSC_00101-144x144.jpg 144w\" sizes=\"auto, (max-width: 110px) 100vw, 110px\" \/><\/a>\u00a0<a href=\"https:\/\/www.bz-bodnegg.de\/wp-content\/uploads\/2015\/12\/DSC_0011.jpg\"><img loading=\"lazy\" decoding=\"async\" class=\"alignnone size-thumbnail wp-image-1876\" src=\"https:\/\/www.bz-bodnegg.de\/wp-content\/uploads\/2015\/12\/DSC_0011-110x110.jpg\" alt=\"DSC_0011\" width=\"110\" height=\"110\" srcset=\"https:\/\/www.bz-bodnegg.de\/wp-content\/uploads\/2015\/12\/DSC_0011-110x110.jpg 110w, https:\/\/www.bz-bodnegg.de\/wp-content\/uploads\/2015\/12\/DSC_0011-144x144.jpg 144w\" sizes=\"auto, (max-width: 110px) 100vw, 110px\" \/><\/a>\u00a0<a href=\"https:\/\/www.bz-bodnegg.de\/wp-content\/uploads\/2015\/12\/DSC_00161.jpg\"><img loading=\"lazy\" decoding=\"async\" class=\"alignnone size-thumbnail wp-image-1877\" src=\"https:\/\/www.bz-bodnegg.de\/wp-content\/uploads\/2015\/12\/DSC_00161-110x110.jpg\" alt=\"DSC_0016\" width=\"110\" height=\"110\" srcset=\"https:\/\/www.bz-bodnegg.de\/wp-content\/uploads\/2015\/12\/DSC_00161-110x110.jpg 110w, https:\/\/www.bz-bodnegg.de\/wp-content\/uploads\/2015\/12\/DSC_00161-144x144.jpg 144w\" sizes=\"auto, (max-width: 110px) 100vw, 110px\" \/><\/a>\u00a0<a href=\"https:\/\/www.bz-bodnegg.de\/wp-content\/uploads\/2015\/12\/DSC_0018.jpg\"><img loading=\"lazy\" decoding=\"async\" class=\"alignnone size-thumbnail wp-image-1878\" src=\"https:\/\/www.bz-bodnegg.de\/wp-content\/uploads\/2015\/12\/DSC_0018-110x110.jpg\" alt=\"DSC_0018\" width=\"110\" height=\"110\" srcset=\"https:\/\/www.bz-bodnegg.de\/wp-content\/uploads\/2015\/12\/DSC_0018-110x110.jpg 110w, https:\/\/www.bz-bodnegg.de\/wp-content\/uploads\/2015\/12\/DSC_0018-144x144.jpg 144w\" sizes=\"auto, (max-width: 110px) 100vw, 110px\" \/><\/a><\/p>\n<p>Mit einem satten Aufgebot an Weihnachtsleckereien warteten die h\u00f6heren Klassen am Bildungszentrum Bodnegg auf Kundschaft aus den eigenen Reihen. Diese lie\u00dfen nicht lange auf sich warten und statteten sich gegenseitig w\u00e4hrend der dritten Stunde flei\u00dfig Besuch ab. Der so genannte Weihnachtsmarkttag war ein voller Erfolg, denn die Angebote fielen aus kulinarischer Sicht sehr unterschiedlich aus. <!--more-->So boten die achten Klassen neben Leberk\u00e4se auch Cr\u00eapes, Muffins und Waffeln an, flankiert von Getr\u00e4nken wie Punsch oder Apfelsaft. Das Programm der neunten Klassen umfasste Sandwiches, Butterbrezeln, Muffins, Pizzaleberk\u00e4se, w\u00e4hrend die zehnten Klassen mit hei\u00dfer Schokolade, S\u00fc\u00dfgeb\u00e4ck, Saiten im Wecken, Cr\u00eapes und Punsch oder Pommes um die Gunst der K\u00e4ufer rangen. Auch die Klasse 7e war beim Markttag vertreten: Sie verkauften Schulkleidung zum Aktionspreis. Musikalische Untermalung leistete das Sch\u00fcler-\/Lehrerorchester unter Leitung von Herrn Gebert. Am Stand von Frau Kirchhoff gab es eine Art Wettrennen mit M\u00fcnzen: In mehrere Standzylinder aus Glas\u00a0konnten \u00fcbrige Cent-St\u00fccke eingeworfen werden \u2013 letztlich gewannen das Lehrerglas und das Glas der Klassen 7\/8 mit gro\u00dfem Vorsprung vor den anderen. Das Geld wird\u00a0an namibiakids e.V., einem Verein der Kinderhilfsprojekte in Namibia\u00a0unterst\u00fctzt, \u00a0gespendet. Einen besonderen musikalischen Auftritt legte die Sch\u00fclerin Samantha Gro\u00df hin. Sie sang mehrere Solost\u00fccke vor den versammelten Marktteilnehmern. Insgesamt war die Stimmung sehr angenehm und ausgelassen, stimmten doch die aufw\u00e4ndig dekorierten St\u00e4nde zus\u00e4tzlich auf die bevorstehende Weihnachtszeit ein.<\/p>\n<p>\u00a0<a href=\"https:\/\/www.bz-bodnegg.de\/wp-content\/uploads\/2015\/12\/DSC_0048.jpg\"><img loading=\"lazy\" decoding=\"async\" class=\"alignnone size-thumbnail wp-image-1880\" src=\"https:\/\/www.bz-bodnegg.de\/wp-content\/uploads\/2015\/12\/DSC_0048-110x110.jpg\" alt=\"DSC_0048\" width=\"110\" height=\"110\" srcset=\"https:\/\/www.bz-bodnegg.de\/wp-content\/uploads\/2015\/12\/DSC_0048-110x110.jpg 110w, https:\/\/www.bz-bodnegg.de\/wp-content\/uploads\/2015\/12\/DSC_0048-144x144.jpg 144w\" sizes=\"auto, (max-width: 110px) 100vw, 110px\" \/><\/a>\u00a0<a href=\"https:\/\/www.bz-bodnegg.de\/wp-content\/uploads\/2015\/12\/DSC_00531.jpg\"><img loading=\"lazy\" decoding=\"async\" class=\"alignnone size-thumbnail wp-image-1881\" src=\"https:\/\/www.bz-bodnegg.de\/wp-content\/uploads\/2015\/12\/DSC_00531-110x110.jpg\" alt=\"DSC_0053\" width=\"110\" height=\"110\" srcset=\"https:\/\/www.bz-bodnegg.de\/wp-content\/uploads\/2015\/12\/DSC_00531-110x110.jpg 110w, https:\/\/www.bz-bodnegg.de\/wp-content\/uploads\/2015\/12\/DSC_00531-144x144.jpg 144w\" sizes=\"auto, (max-width: 110px) 100vw, 110px\" \/><\/a>\u00a0<a href=\"https:\/\/www.bz-bodnegg.de\/wp-content\/uploads\/2015\/12\/DSC_00541.jpg\"><img loading=\"lazy\" decoding=\"async\" class=\"alignnone size-thumbnail wp-image-1882\" src=\"https:\/\/www.bz-bodnegg.de\/wp-content\/uploads\/2015\/12\/DSC_00541-110x110.jpg\" alt=\"DSC_0054\" width=\"110\" height=\"110\" srcset=\"https:\/\/www.bz-bodnegg.de\/wp-content\/uploads\/2015\/12\/DSC_00541-110x110.jpg 110w, https:\/\/www.bz-bodnegg.de\/wp-content\/uploads\/2015\/12\/DSC_00541-144x144.jpg 144w\" sizes=\"auto, (max-width: 110px) 100vw, 110px\" \/><\/a>\u00a0<a href=\"https:\/\/www.bz-bodnegg.de\/wp-content\/uploads\/2015\/12\/DSC_0056.jpg\"><img loading=\"lazy\" decoding=\"async\" class=\"alignnone size-thumbnail wp-image-1883\" src=\"https:\/\/www.bz-bodnegg.de\/wp-content\/uploads\/2015\/12\/DSC_0056-110x110.jpg\" alt=\"DSC_0056\" width=\"110\" height=\"110\" srcset=\"https:\/\/www.bz-bodnegg.de\/wp-content\/uploads\/2015\/12\/DSC_0056-110x110.jpg 110w, https:\/\/www.bz-bodnegg.de\/wp-content\/uploads\/2015\/12\/DSC_0056-144x144.jpg 144w\" sizes=\"auto, (max-width: 110px) 100vw, 110px\" \/><\/a>\u00a0<a href=\"https:\/\/www.bz-bodnegg.de\/wp-content\/uploads\/2015\/12\/DSC_0064.jpg\"><img loading=\"lazy\" decoding=\"async\" class=\"alignnone size-thumbnail wp-image-1884\" src=\"https:\/\/www.bz-bodnegg.de\/wp-content\/uploads\/2015\/12\/DSC_0064-110x110.jpg\" alt=\"DSC_0064\" width=\"110\" height=\"110\" srcset=\"https:\/\/www.bz-bodnegg.de\/wp-content\/uploads\/2015\/12\/DSC_0064-110x110.jpg 110w, https:\/\/www.bz-bodnegg.de\/wp-content\/uploads\/2015\/12\/DSC_0064-144x144.jpg 144w\" sizes=\"auto, (max-width: 110px) 100vw, 110px\" \/><\/a>\u00a0\u00a0\u00a0<a href=\"https:\/\/www.bz-bodnegg.de\/wp-content\/uploads\/2015\/12\/DSC_0067.jpg\"><img loading=\"lazy\" decoding=\"async\" class=\"alignnone size-thumbnail wp-image-1885\" src=\"https:\/\/www.bz-bodnegg.de\/wp-content\/uploads\/2015\/12\/DSC_0067-110x110.jpg\" alt=\"DSC_0067\" width=\"110\" height=\"110\" srcset=\"https:\/\/www.bz-bodnegg.de\/wp-content\/uploads\/2015\/12\/DSC_0067-110x110.jpg 110w, https:\/\/www.bz-bodnegg.de\/wp-content\/uploads\/2015\/12\/DSC_0067-144x144.jpg 144w\" sizes=\"auto, (max-width: 110px) 100vw, 110px\" \/><\/a> <a href=\"https:\/\/www.bz-bodnegg.de\/wp-content\/uploads\/2015\/12\/DSC_0071.jpg\"><img loading=\"lazy\" decoding=\"async\" class=\"alignnone size-thumbnail wp-image-1886\" src=\"https:\/\/www.bz-bodnegg.de\/wp-content\/uploads\/2015\/12\/DSC_0071-110x110.jpg\" alt=\"DSC_0071\" width=\"110\" height=\"110\" srcset=\"https:\/\/www.bz-bodnegg.de\/wp-content\/uploads\/2015\/12\/DSC_0071-110x110.jpg 110w, https:\/\/www.bz-bodnegg.de\/wp-content\/uploads\/2015\/12\/DSC_0071-144x144.jpg 144w\" sizes=\"auto, (max-width: 110px) 100vw, 110px\" \/><\/a> <a href=\"https:\/\/www.bz-bodnegg.de\/wp-content\/uploads\/2015\/12\/DSC_0079.jpg\"><img loading=\"lazy\" decoding=\"async\" class=\"alignnone size-thumbnail wp-image-1887\" src=\"https:\/\/www.bz-bodnegg.de\/wp-content\/uploads\/2015\/12\/DSC_0079-110x110.jpg\" alt=\"DSC_0079\" width=\"110\" height=\"110\" srcset=\"https:\/\/www.bz-bodnegg.de\/wp-content\/uploads\/2015\/12\/DSC_0079-110x110.jpg 110w, https:\/\/www.bz-bodnegg.de\/wp-content\/uploads\/2015\/12\/DSC_0079-144x144.jpg 144w\" sizes=\"auto, (max-width: 110px) 100vw, 110px\" \/><\/a>\u00a0<a href=\"https:\/\/www.bz-bodnegg.de\/wp-content\/uploads\/2015\/12\/DSC_0026.jpg\"><img loading=\"lazy\" decoding=\"async\" class=\"alignnone size-thumbnail wp-image-1879\" src=\"https:\/\/www.bz-bodnegg.de\/wp-content\/uploads\/2015\/12\/DSC_0026-110x110.jpg\" alt=\"DSC_0026\" width=\"110\" height=\"110\" srcset=\"https:\/\/www.bz-bodnegg.de\/wp-content\/uploads\/2015\/12\/DSC_0026-110x110.jpg 110w, https:\/\/www.bz-bodnegg.de\/wp-content\/uploads\/2015\/12\/DSC_0026-144x144.jpg 144w\" sizes=\"auto, (max-width: 110px) 100vw, 110px\" \/><\/a><\/p>\n","protected":false},"excerpt":{"rendered":"<p>\u00a0\u00a0\u00a0\u00a0 Mit einem satten Aufgebot an Weihnachtsleckereien warteten die h\u00f6heren Klassen am Bildungszentrum Bodnegg auf Kundschaft aus den eigenen Reihen. Diese lie\u00dfen nicht lange auf sich warten und statteten sich gegenseitig w\u00e4hrend der dritten Stunde flei\u00dfig Besuch ab. Der so genannte Weihnachtsmarkttag war ein voller Erfolg, denn die Angebote fielen aus kulinarischer Sicht sehr unterschiedlich [&hellip;]<\/p>\n","protected":false},"author":4,"featured_media":0,"comment_status":"closed","ping_status":"closed","sticky":false,"template":"","format":"standard","meta":{"footnotes":""},"categories":[12,7],"tags":[],"class_list":["post-1873","post","type-post","status-publish","format-standard","hentry","category-smv","category-veranstaltungen"],"_links":{"self":[{"href":"https:\/\/www.bz-bodnegg.de\/index.php?rest_route=\/wp\/v2\/posts\/1873","targetHints":{"allow":["GET"]}}],"collection":[{"href":"https:\/\/www.bz-bodnegg.de\/index.php?rest_route=\/wp\/v2\/posts"}],"about":[{"href":"https:\/\/www.bz-bodnegg.de\/index.php?rest_route=\/wp\/v2\/types\/post"}],"author":[{"embeddable":true,"href":"https:\/\/www.bz-bodnegg.de\/index.php?rest_route=\/wp\/v2\/users\/4"}],"replies":[{"embeddable":true,"href":"https:\/\/www.bz-bodnegg.de\/index.php?rest_route=%2Fwp%2Fv2%2Fcomments&post=1873"}],"version-history":[{"count":5,"href":"https:\/\/www.bz-bodnegg.de\/index.php?rest_route=\/wp\/v2\/posts\/1873\/revisions"}],"predecessor-version":[{"id":1905,"href":"https:\/\/www.bz-bodnegg.de\/index.php?rest_route=\/wp\/v2\/posts\/1873\/revisions\/1905"}],"wp:attachment":[{"href":"https:\/\/www.bz-bodnegg.de\/index.php?rest_route=%2Fwp%2Fv2%2Fmedia&parent=1873"}],"wp:term":[{"taxonomy":"category","embeddable":true,"href":"https:\/\/www.bz-bodnegg.de\/index.php?rest_route=%2Fwp%2Fv2%2Fcategories&post=1873"},{"taxonomy":"post_tag","embeddable":true,"href":"https:\/\/www.bz-bodnegg.de\/index.php?rest_route=%2Fwp%2Fv2%2Ftags&post=1873"}],"curies":[{"name":"wp","href":"https:\/\/api.w.org\/{rel}","templated":true}]}}