{"id":3115,"date":"2017-02-13T11:02:41","date_gmt":"2017-02-13T09:02:41","guid":{"rendered":"http:\/\/www.bz-bodnegg.de\/?p=3115"},"modified":"2017-02-13T11:02:41","modified_gmt":"2017-02-13T09:02:41","slug":"neue-bildungspartnerschaft-gluecksblatt-fuer-das-bz-bodnegg-vollstaendig","status":"publish","type":"post","link":"https:\/\/www.bz-bodnegg.de\/?p=3115","title":{"rendered":"Neue Bildungspartnerschaft \u2013 Gl\u00fccksblatt f\u00fcr das BZ Bodnegg vollst\u00e4ndig"},"content":{"rendered":"<p style=\"text-align: justify;\"><strong><a href=\"https:\/\/www.bz-bodnegg.de\/wp-content\/uploads\/2017\/02\/DSC_0468.jpg\"><img loading=\"lazy\" decoding=\"async\" class=\"alignnone size-medium wp-image-3116\" src=\"https:\/\/www.bz-bodnegg.de\/wp-content\/uploads\/2017\/02\/DSC_0468-300x176.jpg\" alt=\"DSC_0468\" width=\"300\" height=\"176\" srcset=\"https:\/\/www.bz-bodnegg.de\/wp-content\/uploads\/2017\/02\/DSC_0468-300x176.jpg 300w, https:\/\/www.bz-bodnegg.de\/wp-content\/uploads\/2017\/02\/DSC_0468-768x451.jpg 768w, https:\/\/www.bz-bodnegg.de\/wp-content\/uploads\/2017\/02\/DSC_0468-1024x601.jpg 1024w, https:\/\/www.bz-bodnegg.de\/wp-content\/uploads\/2017\/02\/DSC_0468-624x366.jpg 624w, https:\/\/www.bz-bodnegg.de\/wp-content\/uploads\/2017\/02\/DSC_0468-900x528.jpg 900w\" sizes=\"auto, (max-width: 300px) 100vw, 300px\" \/><\/a><br \/>\nLandratsamt Ravensburg und Bildungszentrum Bodnegg gehen Bildungspartnerschaft ein<\/strong><\/p>\n<p style=\"text-align: justify;\">Wenn die Aula des Bildungszentrums geschm\u00fcckt, H\u00e4ppchen- und Sektbuffet aufgebaut und gleich mehrere Presseteams in Erscheinung treten, dann muss wohl ein gr\u00f6\u00dferes Ereignis und hoher Besuch am BZ Bodnegg angek\u00fcndigt sein.<br \/>\nDie Aula wurde am 9.2. Kulisse eines in der Geschichte der Schule &#8211; und nicht nur f\u00fcr sie &#8211; hervorragenden Ereignisses.<\/p>\n<p style=\"text-align: justify;\">Herr Landrat Sievers und Frau Rektorin R\u00fcckert unterzeichneten in feierlichem Rahmen die Urkunden f\u00fcr die neue Schulpartnerschaft zwischen dem Landratsamt Ravensburg und dem Johann- Baptist- von- Hirscher- Bildungszentrum in Bodnegg.<!--more--><\/p>\n<p><a href=\"https:\/\/www.bz-bodnegg.de\/wp-content\/uploads\/2017\/02\/DSC_0443.jpg\"><img loading=\"lazy\" decoding=\"async\" class=\"alignnone size-thumbnail wp-image-3117\" src=\"https:\/\/www.bz-bodnegg.de\/wp-content\/uploads\/2017\/02\/DSC_0443-110x110.jpg\" alt=\"DSC_0443\" width=\"110\" height=\"110\" srcset=\"https:\/\/www.bz-bodnegg.de\/wp-content\/uploads\/2017\/02\/DSC_0443-110x110.jpg 110w, https:\/\/www.bz-bodnegg.de\/wp-content\/uploads\/2017\/02\/DSC_0443-144x144.jpg 144w\" sizes=\"auto, (max-width: 110px) 100vw, 110px\" \/><\/a> <a href=\"https:\/\/www.bz-bodnegg.de\/wp-content\/uploads\/2017\/02\/DSC_0454.jpg\"><img loading=\"lazy\" decoding=\"async\" class=\"alignnone size-thumbnail wp-image-3118\" src=\"https:\/\/www.bz-bodnegg.de\/wp-content\/uploads\/2017\/02\/DSC_0454-110x110.jpg\" alt=\"DSC_0454\" width=\"110\" height=\"110\" srcset=\"https:\/\/www.bz-bodnegg.de\/wp-content\/uploads\/2017\/02\/DSC_0454-110x110.jpg 110w, https:\/\/www.bz-bodnegg.de\/wp-content\/uploads\/2017\/02\/DSC_0454-144x144.jpg 144w\" sizes=\"auto, (max-width: 110px) 100vw, 110px\" \/><\/a> <a href=\"https:\/\/www.bz-bodnegg.de\/wp-content\/uploads\/2017\/02\/DSC_0463.jpg\"><img loading=\"lazy\" decoding=\"async\" class=\"alignnone size-thumbnail wp-image-3119\" src=\"https:\/\/www.bz-bodnegg.de\/wp-content\/uploads\/2017\/02\/DSC_0463-110x110.jpg\" alt=\"DSC_0463\" width=\"110\" height=\"110\" srcset=\"https:\/\/www.bz-bodnegg.de\/wp-content\/uploads\/2017\/02\/DSC_0463-110x110.jpg 110w, https:\/\/www.bz-bodnegg.de\/wp-content\/uploads\/2017\/02\/DSC_0463-144x144.jpg 144w\" sizes=\"auto, (max-width: 110px) 100vw, 110px\" \/><\/a> <a href=\"https:\/\/www.bz-bodnegg.de\/wp-content\/uploads\/2017\/02\/DSC_0442.jpg\"><img loading=\"lazy\" decoding=\"async\" class=\"alignnone size-thumbnail wp-image-3120\" src=\"https:\/\/www.bz-bodnegg.de\/wp-content\/uploads\/2017\/02\/DSC_0442-110x110.jpg\" alt=\"DSC_0442\" width=\"110\" height=\"110\" srcset=\"https:\/\/www.bz-bodnegg.de\/wp-content\/uploads\/2017\/02\/DSC_0442-110x110.jpg 110w, https:\/\/www.bz-bodnegg.de\/wp-content\/uploads\/2017\/02\/DSC_0442-144x144.jpg 144w\" sizes=\"auto, (max-width: 110px) 100vw, 110px\" \/><\/a> <a href=\"https:\/\/www.bz-bodnegg.de\/wp-content\/uploads\/2017\/02\/DSC_0474.jpg\"><img loading=\"lazy\" decoding=\"async\" class=\"alignnone size-thumbnail wp-image-3121\" src=\"https:\/\/www.bz-bodnegg.de\/wp-content\/uploads\/2017\/02\/DSC_0474-110x110.jpg\" alt=\"DSC_0474\" width=\"110\" height=\"110\" srcset=\"https:\/\/www.bz-bodnegg.de\/wp-content\/uploads\/2017\/02\/DSC_0474-110x110.jpg 110w, https:\/\/www.bz-bodnegg.de\/wp-content\/uploads\/2017\/02\/DSC_0474-144x144.jpg 144w\" sizes=\"auto, (max-width: 110px) 100vw, 110px\" \/><\/a><\/p>\n<p style=\"text-align: justify;\">Im einf\u00fchrenden Video-Trailer \u00fcber das \u201e\u2026Schulzentrum im Gr\u00fcnen\u201c, eindrucksvoll zusammengestellt von Herrn Kerler, konnten die anwesenden Besucher stimmungsvolle Szenen aus dem bunten Alltag des Schulzentrums sammeln.<\/p>\n<p style=\"text-align: justify;\">Frau Realschulrektorin R\u00fcckert konnte dann in ihrer Begr\u00fc\u00dfung zahlreiche G\u00e4ste und Vertreter des \u00f6ffentlichen Lebens willkommen hei\u00dfen, neben Herrn Sievers als Landrat, einige Ressortleiter des Landratsamtes, des \u00f6rtlichen Schultr\u00e4gers, des Kollegiums des BZ, der Elternschaft und der Sch\u00fclerschaft.<\/p>\n<p style=\"text-align: justify;\">Frau R\u00fcckert zeichnete ein klares Bild der Schule von heute und den M\u00f6glichkeiten einer Zukunftsperspektive im Hinblick auf die Schule von morgen. So gehe es nicht mehr um den Lernort Schule als St\u00e4tte reiner Wissensvermittlung allein, sondern Schule auch als Vermittlerin zwischen klassischem Lernangebot und \u2013 entscheidend &#8211; qualifizierter Vorbereitung auf die Zukunft der Sch\u00fcler in weiterf\u00fchrenden Schulen und dem Arbeitsmarkt.<\/p>\n<p style=\"text-align: justify;\">Dieser Aufgabe stellt das BZ aktuell mit einem reich gef\u00e4cherten Angebot: verschiedene Praktika in elterlichen Betrieben, BORS (Berufsorientierung Realschulen), weitere berufsbezogene Praktika an der WRS, Rhetorikkurse, Schulsozialarbeit und nicht zuletzt aktuell durch die Einstellung einer Fachkraft als Karrierebegleiterin. All dies zusammen er\u00f6ffnet den Sch\u00fclerinnen und Sch\u00fclern des BZ Wege in die nachschulische Zukunft und gew\u00e4hrt in beiden weiterf\u00fchrenden Schularten gute Chancen auf einen sicheren Start in die Berufs- und Arbeitswelt und auch das Erwachsenenleben.<\/p>\n<p style=\"text-align: justify;\">Beste Erfahrungen wurden in den bereits bestehenden Bildungspartnerschaften gemacht. Aus drei bew\u00e4hrten Partnern (Fa. Liebherr, Mercedes-Benz\/Niederlassung RV, Stiftung Liebenau\/St. Gallus-Hilfe\/Rosenharz) w\u00fcrden nun vier (Landratsamt Ravensburg).\u00a0 Dadurch sei das BZ gut ger\u00fcstet f\u00fcr die Zukunft in Bezug auf ein Kennenlernen unterschiedlichster Berufsfelder f\u00fcr die Sch\u00fclerschaft zum einen zum anderen die M\u00f6glichkeit f\u00fcr die Bildungspartner m\u00f6glichst fr\u00fch qualifizierten Nachwuchs f\u00fcr die eigenen Betriebe kennenzulernen und zu gewinnen.<\/p>\n<p style=\"text-align: justify;\">Herr\u00a0 Landrat Sievers\u00a0 zeigte sich sehr angetan von dem pr\u00e4sentierten Bild des BZ Bodnegg und seinen Eindr\u00fccken, die er bei seinem Besuch gewinnen konnte.<\/p>\n<p style=\"text-align: justify;\">F\u00fcr das Landratsamt Ravensburg, das ja selbst Schulverwaltungsbeh\u00f6rde f\u00fcr die Schulen des Landkreises ist, sei die Entscheidung f\u00fcr eine Bildungspartnerschaft mit einer Schule auf kommunaler Ebene eine Premiere. Das Landratsamt ist mit ca. 1400 Besch\u00e4ftigten einer der gr\u00f6\u00dferen Arbeitgeber in der Region.<\/p>\n<p style=\"text-align: justify;\">Bei der Entscheidung f\u00fcr das BZ Bodnegg haben dabei mehrere Erw\u00e4gungen eine Rolle gespielt. Durch die Lage im l\u00e4ndlichen Raum, mit 2 weiterf\u00fchrenden Schularten und Grundschule unter einem Dach, sowie einem respektablen Einzugsgebiet der Sch\u00fclerschaft, ist das BZ im Sinne seiner Gr\u00fcnderv\u00e4ter richtungsweisend und zugleich eine Besonderheit. Als Arbeitgeber hat das Landratsamt zun\u00e4chst interne Fortbildungsangebote und Weiterqualifikationsangebote zum einen, aber auch die Zukunftsentwicklung im Blick.<\/p>\n<p style=\"text-align: justify;\">Ein Generationenwechsel st\u00fcnde an, Nachwuchsgewinnung und Einsch\u00e4tzung der Ressourcen w\u00fcrden notwendiger denn je, Kontakt zu verl\u00e4sslichen Schulpartnern notwendig. Die Zahl der Ausbildungspl\u00e4tze, so nicht nur seine Absicht, soll in n\u00e4chster Zukunft verdoppelt werden, um gen\u00fcgend qualifiziertes Personal auch zuk\u00fcnftig garantieren zu k\u00f6nnen.<\/p>\n<p style=\"text-align: justify;\">Im Rahmen der Kompetenzentwicklung seitens des Landratsamtes, ist das Vornehmen \u201eSchulpartnerschaft\u201c als Projektarbeit von Frau Gessler und Frau Held entwickelt, betreut und nun zum erfolgreichen, h\u00f6chst lobenswerten Abschluss gef\u00fchrt worden.<\/p>\n<p style=\"text-align: justify;\">Drei Ressorts der Kreisverwaltung werden in die Schulpartnerschaft zun\u00e4chst eingebunden: Forstamt, Stra\u00dfenbau und Vermessung. Drei Bereiche, die vor allem f\u00fcr Abg\u00e4nger der am BZ vorhandenen Schularten interessant seien. Sievers betonte seine Freude \u00fcber das Novum einer Schulpartnerschaft und freue sich \u00fcber die Zusammenarbeit und vorausschauend auf die Ergebnisse.<\/p>\n<p style=\"text-align: justify;\">Als Vertreter des Schultr\u00e4gers vertrat Herr Abler als stellvertretender B\u00fcrgermeister den im Urlaub weilenden Bodnegger B\u00fcrgermeister Frick. Als Schultr\u00e4ger habe die Gemeinde Bodnegg seit 1968 das BZ stets getragen und in vollem Umfang unterst\u00fctzt. Die geleisteten Investitionen zahlten sich im \u00fcberregional guten Ruf der Schule aus und geben den Gr\u00fcnderv\u00e4tern des \u201eL\u00e4ndlichen Bildungszentrums\u201c, einem von vier Schulzentren dieser Art in Baden- W\u00fcrttemberg, Recht. Bodnegg k\u00f6nne stolz auf seine Schule und dessen Leistungen f\u00fcr die Gemeinschaft sein. Die aktuellen Zahlen \u00fcber den weiteren Werdegang der Schulabsolventen, spiegelten die gute Arbeit wieder, die am BZ Bodnegg durch Lehrerschaft und p\u00e4dagogischem Personal geleistet w\u00fcrde.<\/p>\n<p style=\"text-align: justify;\">Als Schultr\u00e4ger d\u00fcrfe man jedoch nicht die Augen vor der Tatsache sinkender Sch\u00fclerzahlen schlie\u00dfen. Sinkende Einnahmen und Geldzuweisungen sorgten nicht gerade f\u00fcr einen sorgenfreien Blick auf die Schule. Abler zeigte sich jedoch optimistisch im Hinblick auf die finanziellen Ressourcen, mahnte aber gleichzeitig an, diese nicht aus den Augen zu verlieren. Das BZ Bodnegg sei eine Schule die nicht nur im Ort, sondern auch regional gut verankert sei. Darum d\u00fcrfen die politischen Gremien auf Kreis- und Landesebene das Wohlergehen der Schule nicht vernachl\u00e4ssigen und ggf. die Gemeinde als Schultr\u00e4ger finanziell tatkr\u00e4ftig und zielorientiert unterst\u00fctzen. Die Qualit\u00e4t des Schulzentrums k\u00f6nne nur erhalten werden, wenn Gemeinde und die Verantwortlichen in der Landespolitik das finanzielle Engagement weiter gemeinsam und sinnvoll schultern.<\/p>\n<p style=\"text-align: justify;\">Die Gemeinde finanziert weiterhin in respektablen Anteilen den Unterhalt des Hallenbades, des Schulsozialarbeiters und der Karrierebegleiterin und setzt so ein deutliches Zeichen wohlwollender, zukunftsorientierter Arbeit und Unterst\u00fctzung des BZ seitens des Schultr\u00e4gers.<\/p>\n<p style=\"text-align: justify;\">Herr Matt umrahmte mit wohlgesetzten musikalischen Akzenten am Klavier die Feier. Nach der Unterzeichnung der Dokumente und dem dazugeh\u00f6renden Foto-Shooting, lud Frau R\u00fcckert zum kleinen Umtrunk und Imbiss ein. In guter freundlicher Atmosph\u00e4re, in vielen kleinen Gespr\u00e4chen endete dieser f\u00fcr das Bildungszentrum bedeutungsvolle Nachmittag.<\/p>\n","protected":false},"excerpt":{"rendered":"<p>Landratsamt Ravensburg und Bildungszentrum Bodnegg gehen Bildungspartnerschaft ein Wenn die Aula des Bildungszentrums geschm\u00fcckt, H\u00e4ppchen- und Sektbuffet aufgebaut und gleich mehrere Presseteams in Erscheinung treten, dann muss wohl ein gr\u00f6\u00dferes Ereignis und hoher Besuch am BZ Bodnegg angek\u00fcndigt sein. Die Aula wurde am 9.2. Kulisse eines in der Geschichte der Schule &#8211; und nicht nur [&hellip;]<\/p>\n","protected":false},"author":4,"featured_media":0,"comment_status":"closed","ping_status":"closed","sticky":false,"template":"","format":"standard","meta":{"footnotes":""},"categories":[8,7],"tags":[],"class_list":["post-3115","post","type-post","status-publish","format-standard","hentry","category-berufsorientierung","category-veranstaltungen"],"_links":{"self":[{"href":"https:\/\/www.bz-bodnegg.de\/index.php?rest_route=\/wp\/v2\/posts\/3115","targetHints":{"allow":["GET"]}}],"collection":[{"href":"https:\/\/www.bz-bodnegg.de\/index.php?rest_route=\/wp\/v2\/posts"}],"about":[{"href":"https:\/\/www.bz-bodnegg.de\/index.php?rest_route=\/wp\/v2\/types\/post"}],"author":[{"embeddable":true,"href":"https:\/\/www.bz-bodnegg.de\/index.php?rest_route=\/wp\/v2\/users\/4"}],"replies":[{"embeddable":true,"href":"https:\/\/www.bz-bodnegg.de\/index.php?rest_route=%2Fwp%2Fv2%2Fcomments&post=3115"}],"version-history":[{"count":4,"href":"https:\/\/www.bz-bodnegg.de\/index.php?rest_route=\/wp\/v2\/posts\/3115\/revisions"}],"predecessor-version":[{"id":3125,"href":"https:\/\/www.bz-bodnegg.de\/index.php?rest_route=\/wp\/v2\/posts\/3115\/revisions\/3125"}],"wp:attachment":[{"href":"https:\/\/www.bz-bodnegg.de\/index.php?rest_route=%2Fwp%2Fv2%2Fmedia&parent=3115"}],"wp:term":[{"taxonomy":"category","embeddable":true,"href":"https:\/\/www.bz-bodnegg.de\/index.php?rest_route=%2Fwp%2Fv2%2Fcategories&post=3115"},{"taxonomy":"post_tag","embeddable":true,"href":"https:\/\/www.bz-bodnegg.de\/index.php?rest_route=%2Fwp%2Fv2%2Ftags&post=3115"}],"curies":[{"name":"wp","href":"https:\/\/api.w.org\/{rel}","templated":true}]}}