{"id":9185,"date":"2022-10-27T11:04:52","date_gmt":"2022-10-27T09:04:52","guid":{"rendered":"https:\/\/www.bz-bodnegg.de\/?p=9185"},"modified":"2022-10-27T11:04:53","modified_gmt":"2022-10-27T09:04:53","slug":"azubi-aktionstag-bei-strabag-und-zueblin","status":"publish","type":"post","link":"https:\/\/www.bz-bodnegg.de\/?p=9185","title":{"rendered":"Azubi-Aktionstag bei STRABAG und Z\u00dcBLIN"},"content":{"rendered":"\n<figure class=\"wp-block-gallery has-nested-images columns-default is-cropped wp-block-gallery-1 is-layout-flex wp-block-gallery-is-layout-flex\">\n<figure class=\"wp-block-image size-large\"><a href=\"https:\/\/www.bz-bodnegg.de\/wp-content\/uploads\/2022\/10\/20221013_095016-scaled.jpg\"><img loading=\"lazy\" decoding=\"async\" width=\"2560\" height=\"1741\" data-id=\"9187\" src=\"https:\/\/www.bz-bodnegg.de\/wp-content\/uploads\/2022\/10\/20221013_095016-scaled.jpg\" alt=\"\" class=\"wp-image-9187\" srcset=\"https:\/\/www.bz-bodnegg.de\/wp-content\/uploads\/2022\/10\/20221013_095016-scaled.jpg 2560w, https:\/\/www.bz-bodnegg.de\/wp-content\/uploads\/2022\/10\/20221013_095016-300x204.jpg 300w, https:\/\/www.bz-bodnegg.de\/wp-content\/uploads\/2022\/10\/20221013_095016-1024x696.jpg 1024w, https:\/\/www.bz-bodnegg.de\/wp-content\/uploads\/2022\/10\/20221013_095016-768x522.jpg 768w, https:\/\/www.bz-bodnegg.de\/wp-content\/uploads\/2022\/10\/20221013_095016-1536x1044.jpg 1536w, https:\/\/www.bz-bodnegg.de\/wp-content\/uploads\/2022\/10\/20221013_095016-2048x1392.jpg 2048w, https:\/\/www.bz-bodnegg.de\/wp-content\/uploads\/2022\/10\/20221013_095016-624x424.jpg 624w\" sizes=\"auto, (max-width: 2560px) 100vw, 2560px\" \/><\/a><\/figure>\n\n\n\n<figure class=\"wp-block-image size-large\"><a href=\"https:\/\/www.bz-bodnegg.de\/wp-content\/uploads\/2022\/10\/20221013_101220-scaled.jpg\"><img loading=\"lazy\" decoding=\"async\" width=\"2560\" height=\"1920\" data-id=\"9188\" src=\"https:\/\/www.bz-bodnegg.de\/wp-content\/uploads\/2022\/10\/20221013_101220-scaled.jpg\" alt=\"\" class=\"wp-image-9188\" srcset=\"https:\/\/www.bz-bodnegg.de\/wp-content\/uploads\/2022\/10\/20221013_101220-scaled.jpg 2560w, https:\/\/www.bz-bodnegg.de\/wp-content\/uploads\/2022\/10\/20221013_101220-300x225.jpg 300w, https:\/\/www.bz-bodnegg.de\/wp-content\/uploads\/2022\/10\/20221013_101220-1024x768.jpg 1024w, https:\/\/www.bz-bodnegg.de\/wp-content\/uploads\/2022\/10\/20221013_101220-768x576.jpg 768w, https:\/\/www.bz-bodnegg.de\/wp-content\/uploads\/2022\/10\/20221013_101220-1536x1152.jpg 1536w, https:\/\/www.bz-bodnegg.de\/wp-content\/uploads\/2022\/10\/20221013_101220-2048x1536.jpg 2048w, https:\/\/www.bz-bodnegg.de\/wp-content\/uploads\/2022\/10\/20221013_101220-624x468.jpg 624w\" sizes=\"auto, (max-width: 2560px) 100vw, 2560px\" \/><\/a><\/figure>\n\n\n\n<figure class=\"wp-block-image size-large\"><a href=\"https:\/\/www.bz-bodnegg.de\/wp-content\/uploads\/2022\/10\/20221013_114900-scaled.jpg\"><img loading=\"lazy\" decoding=\"async\" width=\"2560\" height=\"1920\" data-id=\"9186\" src=\"https:\/\/www.bz-bodnegg.de\/wp-content\/uploads\/2022\/10\/20221013_114900-scaled.jpg\" alt=\"\" class=\"wp-image-9186\" srcset=\"https:\/\/www.bz-bodnegg.de\/wp-content\/uploads\/2022\/10\/20221013_114900-scaled.jpg 2560w, https:\/\/www.bz-bodnegg.de\/wp-content\/uploads\/2022\/10\/20221013_114900-300x225.jpg 300w, https:\/\/www.bz-bodnegg.de\/wp-content\/uploads\/2022\/10\/20221013_114900-1024x768.jpg 1024w, https:\/\/www.bz-bodnegg.de\/wp-content\/uploads\/2022\/10\/20221013_114900-768x576.jpg 768w, https:\/\/www.bz-bodnegg.de\/wp-content\/uploads\/2022\/10\/20221013_114900-1536x1152.jpg 1536w, https:\/\/www.bz-bodnegg.de\/wp-content\/uploads\/2022\/10\/20221013_114900-2048x1536.jpg 2048w, https:\/\/www.bz-bodnegg.de\/wp-content\/uploads\/2022\/10\/20221013_114900-624x468.jpg 624w\" sizes=\"auto, (max-width: 2560px) 100vw, 2560px\" \/><\/a><\/figure>\n<\/figure>\n\n\n\n<p>Mit einer Gruppe von 16 Sch\u00fclerinnen und Sch\u00fclern der Jahrgangsstufe 9 nahmen wir am diesj\u00e4hrigen Azubi-Aktionstag der Firmen STRABAG GmbH und Z\u00fcblin\/BMTI in Langenargen teil. Bei der Veranstaltung lernten die Sch\u00fcler an einzelnen Stationen verschiedene Ausbildungsberufe aus dem Baugewerbe kennen. Interessante Informationen, z.B. zur Mechanik von Baumaschinen, sowie die M\u00f6glichkeit, mal selbst einen Bagger zu lenken, einen Kran zu bedienen oder ein kleines Wandst\u00fcck zu mauern, machten den Aktionstag zu einer sehr gelungenen Veranstaltung.<\/p>\n\n\n\n<p>Nochmals vielen Dank an die Firmen STRABAG GmbH und Z\u00fcblin\/BMTI f\u00fcr die Einladung.<\/p>\n","protected":false},"excerpt":{"rendered":"<p>Mit einer Gruppe von 16 Sch\u00fclerinnen und Sch\u00fclern der Jahrgangsstufe 9 nahmen wir am diesj\u00e4hrigen Azubi-Aktionstag der Firmen STRABAG GmbH und Z\u00fcblin\/BMTI in Langenargen teil. Bei der Veranstaltung lernten die Sch\u00fcler an einzelnen Stationen verschiedene Ausbildungsberufe aus dem Baugewerbe kennen. Interessante Informationen, z.B. zur Mechanik von Baumaschinen, sowie die M\u00f6glichkeit, mal selbst einen Bagger zu [&hellip;]<\/p>\n","protected":false},"author":4,"featured_media":0,"comment_status":"closed","ping_status":"closed","sticky":false,"template":"","format":"standard","meta":{"footnotes":""},"categories":[1],"tags":[],"class_list":["post-9185","post","type-post","status-publish","format-standard","hentry","category-allgemein"],"_links":{"self":[{"href":"https:\/\/www.bz-bodnegg.de\/index.php?rest_route=\/wp\/v2\/posts\/9185","targetHints":{"allow":["GET"]}}],"collection":[{"href":"https:\/\/www.bz-bodnegg.de\/index.php?rest_route=\/wp\/v2\/posts"}],"about":[{"href":"https:\/\/www.bz-bodnegg.de\/index.php?rest_route=\/wp\/v2\/types\/post"}],"author":[{"embeddable":true,"href":"https:\/\/www.bz-bodnegg.de\/index.php?rest_route=\/wp\/v2\/users\/4"}],"replies":[{"embeddable":true,"href":"https:\/\/www.bz-bodnegg.de\/index.php?rest_route=%2Fwp%2Fv2%2Fcomments&post=9185"}],"version-history":[{"count":1,"href":"https:\/\/www.bz-bodnegg.de\/index.php?rest_route=\/wp\/v2\/posts\/9185\/revisions"}],"predecessor-version":[{"id":9189,"href":"https:\/\/www.bz-bodnegg.de\/index.php?rest_route=\/wp\/v2\/posts\/9185\/revisions\/9189"}],"wp:attachment":[{"href":"https:\/\/www.bz-bodnegg.de\/index.php?rest_route=%2Fwp%2Fv2%2Fmedia&parent=9185"}],"wp:term":[{"taxonomy":"category","embeddable":true,"href":"https:\/\/www.bz-bodnegg.de\/index.php?rest_route=%2Fwp%2Fv2%2Fcategories&post=9185"},{"taxonomy":"post_tag","embeddable":true,"href":"https:\/\/www.bz-bodnegg.de\/index.php?rest_route=%2Fwp%2Fv2%2Ftags&post=9185"}],"curies":[{"name":"wp","href":"https:\/\/api.w.org\/{rel}","templated":true}]}}