{"id":9279,"date":"2022-11-11T13:01:57","date_gmt":"2022-11-11T11:01:57","guid":{"rendered":"https:\/\/www.bz-bodnegg.de\/?p=9279"},"modified":"2022-11-11T14:39:01","modified_gmt":"2022-11-11T12:39:01","slug":"methodentage-fuer-die-klassen-5-9-am-bildungszentrum","status":"publish","type":"post","link":"https:\/\/www.bz-bodnegg.de\/?p=9279","title":{"rendered":"Methodentage f\u00fcr die Klassen 5-9 am Bildungszentrum\u00a0"},"content":{"rendered":"\n<figure class=\"wp-block-gallery has-nested-images columns-5 is-cropped wp-block-gallery-1 is-layout-flex wp-block-gallery-is-layout-flex\">\n<figure class=\"wp-block-image size-large\"><a href=\"https:\/\/www.bz-bodnegg.de\/wp-content\/uploads\/2022\/11\/20221111_115655-scaled.jpg\"><img loading=\"lazy\" decoding=\"async\" width=\"2560\" height=\"1607\" data-id=\"9296\" src=\"https:\/\/www.bz-bodnegg.de\/wp-content\/uploads\/2022\/11\/20221111_115655-scaled.jpg\" alt=\"\" class=\"wp-image-9296\" srcset=\"https:\/\/www.bz-bodnegg.de\/wp-content\/uploads\/2022\/11\/20221111_115655-scaled.jpg 2560w, https:\/\/www.bz-bodnegg.de\/wp-content\/uploads\/2022\/11\/20221111_115655-300x188.jpg 300w, https:\/\/www.bz-bodnegg.de\/wp-content\/uploads\/2022\/11\/20221111_115655-1024x643.jpg 1024w, https:\/\/www.bz-bodnegg.de\/wp-content\/uploads\/2022\/11\/20221111_115655-768x482.jpg 768w, https:\/\/www.bz-bodnegg.de\/wp-content\/uploads\/2022\/11\/20221111_115655-1536x964.jpg 1536w, https:\/\/www.bz-bodnegg.de\/wp-content\/uploads\/2022\/11\/20221111_115655-2048x1286.jpg 2048w, https:\/\/www.bz-bodnegg.de\/wp-content\/uploads\/2022\/11\/20221111_115655-624x392.jpg 624w\" sizes=\"auto, (max-width: 2560px) 100vw, 2560px\" \/><\/a><\/figure>\n\n\n\n<figure class=\"wp-block-image size-large\"><a href=\"https:\/\/www.bz-bodnegg.de\/wp-content\/uploads\/2022\/11\/image2.jpeg\"><img loading=\"lazy\" decoding=\"async\" width=\"2016\" height=\"1512\" data-id=\"9283\" src=\"https:\/\/www.bz-bodnegg.de\/wp-content\/uploads\/2022\/11\/image2.jpeg\" alt=\"\" class=\"wp-image-9283\" srcset=\"https:\/\/www.bz-bodnegg.de\/wp-content\/uploads\/2022\/11\/image2.jpeg 2016w, https:\/\/www.bz-bodnegg.de\/wp-content\/uploads\/2022\/11\/image2-300x225.jpeg 300w, https:\/\/www.bz-bodnegg.de\/wp-content\/uploads\/2022\/11\/image2-1024x768.jpeg 1024w, https:\/\/www.bz-bodnegg.de\/wp-content\/uploads\/2022\/11\/image2-768x576.jpeg 768w, https:\/\/www.bz-bodnegg.de\/wp-content\/uploads\/2022\/11\/image2-1536x1152.jpeg 1536w, https:\/\/www.bz-bodnegg.de\/wp-content\/uploads\/2022\/11\/image2-624x468.jpeg 624w\" sizes=\"auto, (max-width: 2016px) 100vw, 2016px\" \/><\/a><\/figure>\n\n\n\n<figure class=\"wp-block-image size-large\"><a href=\"https:\/\/www.bz-bodnegg.de\/wp-content\/uploads\/2022\/11\/image0.jpeg\"><img loading=\"lazy\" decoding=\"async\" width=\"2016\" height=\"1512\" data-id=\"9282\" src=\"https:\/\/www.bz-bodnegg.de\/wp-content\/uploads\/2022\/11\/image0.jpeg\" alt=\"\" class=\"wp-image-9282\" srcset=\"https:\/\/www.bz-bodnegg.de\/wp-content\/uploads\/2022\/11\/image0.jpeg 2016w, https:\/\/www.bz-bodnegg.de\/wp-content\/uploads\/2022\/11\/image0-300x225.jpeg 300w, https:\/\/www.bz-bodnegg.de\/wp-content\/uploads\/2022\/11\/image0-1024x768.jpeg 1024w, https:\/\/www.bz-bodnegg.de\/wp-content\/uploads\/2022\/11\/image0-768x576.jpeg 768w, https:\/\/www.bz-bodnegg.de\/wp-content\/uploads\/2022\/11\/image0-1536x1152.jpeg 1536w, https:\/\/www.bz-bodnegg.de\/wp-content\/uploads\/2022\/11\/image0-624x468.jpeg 624w\" sizes=\"auto, (max-width: 2016px) 100vw, 2016px\" \/><\/a><\/figure>\n\n\n\n<figure class=\"wp-block-image size-large\"><a href=\"https:\/\/www.bz-bodnegg.de\/wp-content\/uploads\/2022\/11\/IMG_1106-scaled.jpg\"><img loading=\"lazy\" decoding=\"async\" width=\"2560\" height=\"1920\" data-id=\"9281\" src=\"https:\/\/www.bz-bodnegg.de\/wp-content\/uploads\/2022\/11\/IMG_1106-scaled.jpg\" alt=\"\" class=\"wp-image-9281\" srcset=\"https:\/\/www.bz-bodnegg.de\/wp-content\/uploads\/2022\/11\/IMG_1106-scaled.jpg 2560w, https:\/\/www.bz-bodnegg.de\/wp-content\/uploads\/2022\/11\/IMG_1106-300x225.jpg 300w, https:\/\/www.bz-bodnegg.de\/wp-content\/uploads\/2022\/11\/IMG_1106-1024x768.jpg 1024w, https:\/\/www.bz-bodnegg.de\/wp-content\/uploads\/2022\/11\/IMG_1106-768x576.jpg 768w, https:\/\/www.bz-bodnegg.de\/wp-content\/uploads\/2022\/11\/IMG_1106-1536x1152.jpg 1536w, https:\/\/www.bz-bodnegg.de\/wp-content\/uploads\/2022\/11\/IMG_1106-2048x1536.jpg 2048w, https:\/\/www.bz-bodnegg.de\/wp-content\/uploads\/2022\/11\/IMG_1106-624x468.jpg 624w\" sizes=\"auto, (max-width: 2560px) 100vw, 2560px\" \/><\/a><\/figure>\n\n\n\n<figure class=\"wp-block-image size-large\"><a href=\"https:\/\/www.bz-bodnegg.de\/wp-content\/uploads\/2022\/11\/IMG_0160-scaled.jpg\"><img loading=\"lazy\" decoding=\"async\" width=\"2560\" height=\"1920\" data-id=\"9280\" src=\"https:\/\/www.bz-bodnegg.de\/wp-content\/uploads\/2022\/11\/IMG_0160-scaled.jpg\" alt=\"\" class=\"wp-image-9280\" srcset=\"https:\/\/www.bz-bodnegg.de\/wp-content\/uploads\/2022\/11\/IMG_0160-scaled.jpg 2560w, https:\/\/www.bz-bodnegg.de\/wp-content\/uploads\/2022\/11\/IMG_0160-300x225.jpg 300w, https:\/\/www.bz-bodnegg.de\/wp-content\/uploads\/2022\/11\/IMG_0160-1024x768.jpg 1024w, https:\/\/www.bz-bodnegg.de\/wp-content\/uploads\/2022\/11\/IMG_0160-768x576.jpg 768w, https:\/\/www.bz-bodnegg.de\/wp-content\/uploads\/2022\/11\/IMG_0160-1536x1152.jpg 1536w, https:\/\/www.bz-bodnegg.de\/wp-content\/uploads\/2022\/11\/IMG_0160-2048x1536.jpg 2048w, https:\/\/www.bz-bodnegg.de\/wp-content\/uploads\/2022\/11\/IMG_0160-624x468.jpg 624w\" sizes=\"auto, (max-width: 2560px) 100vw, 2560px\" \/><\/a><\/figure>\n<\/figure>\n\n\n\n<p><br>Welche Lernstrategien helfen mir, mich auf eine Klassenarbeit vorzubereiten? Was muss ich beachten, um eine wirklich gute Pr\u00e4sentation zu halten oder wie nutze ich IPads sinnvoll im Unterricht?&nbsp;<\/p>\n\n\n\n<p>Um diese und noch viele weitere Themen ging in den \u00fcber 20 verschiedenen Kursen, die an den beiden Methodentagen von Lehrer-Teams angeboten wurden. Je nach Klassenstufe besuchten die Sch\u00fclerinnen und Sch\u00fcler einzelne dieser Angebote. So besch\u00e4ftigten sich die Klassenstufen 5 und 6 mit Kursen zur Selbstorganisation und Lernstrategien sowie dem Umgang mit IPads. In den Stufen 7 bis 9 ging es dann schwerpunktm\u00e4\u00dfig um Themen rund ums Pr\u00e4sentieren &#8211; z.B. mit Kursen zum freien Sprechen, zur Informationsbeschaffung oder zum sinnvollen Einsatz von Powerpoint bzw. Lern-Apps. &nbsp;<\/p>\n\n\n\n<p>Ziel der Methodentage ist es, dass die Sch\u00fclerinnen und Sch\u00fcler von Klasse 5 ab dabei unterst\u00fctzt werden, dass eigene Lernen zu organisieren und auch m\u00f6glichst effizient zu gestalten. &nbsp;<\/p>\n\n\n\n<p>Insgesamt kamen die Methodentage gut bei unseren Sch\u00fclern an und stellten eine willkommene Abwechslung zum Schullalltag dar. &nbsp;<\/p>\n","protected":false},"excerpt":{"rendered":"<p>Welche Lernstrategien helfen mir, mich auf eine Klassenarbeit vorzubereiten? Was muss ich beachten, um eine wirklich gute Pr\u00e4sentation zu halten oder wie nutze ich IPads sinnvoll im Unterricht?&nbsp; Um diese und noch viele weitere Themen ging in den \u00fcber 20 verschiedenen Kursen, die an den beiden Methodentagen von Lehrer-Teams angeboten wurden. Je nach Klassenstufe besuchten [&hellip;]<\/p>\n","protected":false},"author":4,"featured_media":0,"comment_status":"closed","ping_status":"closed","sticky":false,"template":"","format":"standard","meta":{"footnotes":""},"categories":[1],"tags":[],"class_list":["post-9279","post","type-post","status-publish","format-standard","hentry","category-allgemein"],"_links":{"self":[{"href":"https:\/\/www.bz-bodnegg.de\/index.php?rest_route=\/wp\/v2\/posts\/9279","targetHints":{"allow":["GET"]}}],"collection":[{"href":"https:\/\/www.bz-bodnegg.de\/index.php?rest_route=\/wp\/v2\/posts"}],"about":[{"href":"https:\/\/www.bz-bodnegg.de\/index.php?rest_route=\/wp\/v2\/types\/post"}],"author":[{"embeddable":true,"href":"https:\/\/www.bz-bodnegg.de\/index.php?rest_route=\/wp\/v2\/users\/4"}],"replies":[{"embeddable":true,"href":"https:\/\/www.bz-bodnegg.de\/index.php?rest_route=%2Fwp%2Fv2%2Fcomments&post=9279"}],"version-history":[{"count":3,"href":"https:\/\/www.bz-bodnegg.de\/index.php?rest_route=\/wp\/v2\/posts\/9279\/revisions"}],"predecessor-version":[{"id":9297,"href":"https:\/\/www.bz-bodnegg.de\/index.php?rest_route=\/wp\/v2\/posts\/9279\/revisions\/9297"}],"wp:attachment":[{"href":"https:\/\/www.bz-bodnegg.de\/index.php?rest_route=%2Fwp%2Fv2%2Fmedia&parent=9279"}],"wp:term":[{"taxonomy":"category","embeddable":true,"href":"https:\/\/www.bz-bodnegg.de\/index.php?rest_route=%2Fwp%2Fv2%2Fcategories&post=9279"},{"taxonomy":"post_tag","embeddable":true,"href":"https:\/\/www.bz-bodnegg.de\/index.php?rest_route=%2Fwp%2Fv2%2Ftags&post=9279"}],"curies":[{"name":"wp","href":"https:\/\/api.w.org\/{rel}","templated":true}]}}