{"id":9303,"date":"2022-11-18T09:00:14","date_gmt":"2022-11-18T07:00:14","guid":{"rendered":"https:\/\/www.bz-bodnegg.de\/?p=9303"},"modified":"2022-12-06T09:04:39","modified_gmt":"2022-12-06T07:04:39","slug":"termine-fuer-eltern-von-viertklaesslerinnen","status":"publish","type":"post","link":"https:\/\/www.bz-bodnegg.de\/?p=9303","title":{"rendered":"Termine f\u00fcr Eltern von Viertkl\u00e4sslerInnen"},"content":{"rendered":"\n<p><strong>Informationsabend f\u00fcr Eltern von Viertkl\u00e4sslerInnen<br>\u201eAuf der Grundschule aufbauende Schularten\u201c<\/strong><br><strong>Mittwoch, 23.11.2022<\/strong>&nbsp;um 19 Uhr \/ Mensa<\/p>\n\n\n\n<p><strong>Informationsabend &#8211; Mittwoch, 08.02.2023<\/strong><br>Unsere Werkrealschule stellt sich vor (19 Uhr\/Mensa)<br>Unsere Realschule stellt sich vor (20 Uhr\/Mensa)<br><br><strong>Tag der offenen T\u00fcr &#8211; Samstag, 11.02.2023<\/strong><br>13.30 &#8211; 16.30 Uhr<br><br><strong>Anmeldetermine Realschule + Werkrealschule<\/strong><br><strong>Mittwoch, 8. M\u00e4rz + Donnerstag, 9. M\u00e4rz<\/strong><br>jeweils von 8.30 &#8211; 12.00 Uhr und 14.00 &#8211; 17.30 Uhr<\/p>\n","protected":false},"excerpt":{"rendered":"<p>Informationsabend f\u00fcr Eltern von Viertkl\u00e4sslerInnen\u201eAuf der Grundschule aufbauende Schularten\u201cMittwoch, 23.11.2022&nbsp;um 19 Uhr \/ Mensa Informationsabend &#8211; Mittwoch, 08.02.2023Unsere Werkrealschule stellt sich vor (19 Uhr\/Mensa)Unsere Realschule stellt sich vor (20 Uhr\/Mensa) Tag der offenen T\u00fcr &#8211; Samstag, 11.02.202313.30 &#8211; 16.30 Uhr Anmeldetermine Realschule + WerkrealschuleMittwoch, 8. M\u00e4rz + Donnerstag, 9. M\u00e4rzjeweils von 8.30 &#8211; 12.00 Uhr [&hellip;]<\/p>\n","protected":false},"author":4,"featured_media":0,"comment_status":"closed","ping_status":"closed","sticky":false,"template":"","format":"standard","meta":{"footnotes":""},"categories":[1],"tags":[],"class_list":["post-9303","post","type-post","status-publish","format-standard","hentry","category-allgemein"],"_links":{"self":[{"href":"https:\/\/www.bz-bodnegg.de\/index.php?rest_route=\/wp\/v2\/posts\/9303","targetHints":{"allow":["GET"]}}],"collection":[{"href":"https:\/\/www.bz-bodnegg.de\/index.php?rest_route=\/wp\/v2\/posts"}],"about":[{"href":"https:\/\/www.bz-bodnegg.de\/index.php?rest_route=\/wp\/v2\/types\/post"}],"author":[{"embeddable":true,"href":"https:\/\/www.bz-bodnegg.de\/index.php?rest_route=\/wp\/v2\/users\/4"}],"replies":[{"embeddable":true,"href":"https:\/\/www.bz-bodnegg.de\/index.php?rest_route=%2Fwp%2Fv2%2Fcomments&post=9303"}],"version-history":[{"count":4,"href":"https:\/\/www.bz-bodnegg.de\/index.php?rest_route=\/wp\/v2\/posts\/9303\/revisions"}],"predecessor-version":[{"id":9396,"href":"https:\/\/www.bz-bodnegg.de\/index.php?rest_route=\/wp\/v2\/posts\/9303\/revisions\/9396"}],"wp:attachment":[{"href":"https:\/\/www.bz-bodnegg.de\/index.php?rest_route=%2Fwp%2Fv2%2Fmedia&parent=9303"}],"wp:term":[{"taxonomy":"category","embeddable":true,"href":"https:\/\/www.bz-bodnegg.de\/index.php?rest_route=%2Fwp%2Fv2%2Fcategories&post=9303"},{"taxonomy":"post_tag","embeddable":true,"href":"https:\/\/www.bz-bodnegg.de\/index.php?rest_route=%2Fwp%2Fv2%2Ftags&post=9303"}],"curies":[{"name":"wp","href":"https:\/\/api.w.org\/{rel}","templated":true}]}}