{"id":9349,"date":"2022-11-24T15:20:51","date_gmt":"2022-11-24T13:20:51","guid":{"rendered":"https:\/\/www.bz-bodnegg.de\/?p=9349"},"modified":"2022-11-24T15:21:08","modified_gmt":"2022-11-24T13:21:08","slug":"hin-und-zurueck-zwei-mal-325-kilometer","status":"publish","type":"post","link":"https:\/\/www.bz-bodnegg.de\/?p=9349","title":{"rendered":"Hin- und Zur\u00fcck: Zwei Mal 325 Kilometer"},"content":{"rendered":"\n<p><strong>Sch\u00fcleraustausch mit Vouvry<\/strong><br><\/p>\n\n\n\n<figure class=\"wp-block-image size-large\"><a href=\"https:\/\/www.bz-bodnegg.de\/wp-content\/uploads\/2022\/11\/IMG_2001-scaled.jpg\"><img loading=\"lazy\" decoding=\"async\" width=\"1024\" height=\"510\" src=\"https:\/\/www.bz-bodnegg.de\/wp-content\/uploads\/2022\/11\/IMG_2001-1024x510.jpg\" alt=\"\" class=\"wp-image-9350\" srcset=\"https:\/\/www.bz-bodnegg.de\/wp-content\/uploads\/2022\/11\/IMG_2001-1024x510.jpg 1024w, https:\/\/www.bz-bodnegg.de\/wp-content\/uploads\/2022\/11\/IMG_2001-300x150.jpg 300w, https:\/\/www.bz-bodnegg.de\/wp-content\/uploads\/2022\/11\/IMG_2001-768x383.jpg 768w, https:\/\/www.bz-bodnegg.de\/wp-content\/uploads\/2022\/11\/IMG_2001-1536x765.jpg 1536w, https:\/\/www.bz-bodnegg.de\/wp-content\/uploads\/2022\/11\/IMG_2001-2048x1021.jpg 2048w, https:\/\/www.bz-bodnegg.de\/wp-content\/uploads\/2022\/11\/IMG_2001-624x311.jpg 624w\" sizes=\"auto, (max-width: 1024px) 100vw, 1024px\" \/><\/a><\/figure>\n\n\n\n<p><br>In der neunten Klasse kann man pl\u00f6tzlich jemanden am Esstisch sitzen haben, der normalerweise Franz\u00f6sisch spricht. Ein paar Monate sp\u00e4ter sitzt man dann selbst inmitten anders sprechender Menschen. Wie, wo, was? Kurzum: Es geht um den Bodnegger Sch\u00fcleraustausch mit Vouvry, der franz\u00f6sischsprachigen Gemeinde des Schweizer Kantons Wallis. Zwei Wochen waren die Sch\u00fcler*innen der Gemeinde Vouvry zu Gast in Bodnegg. Doch dr\u00fcckten sie nicht nur feste die Schulbank mit unseren Sch\u00fclern am Bildungszentrum, sondern informierten sich auch \u00fcber die bekannterma\u00dfen abwechslungsreiche Gegend. <\/p>\n\n\n\n<!--more-->\n\n\n\n<p>Gemeinsam unternommene Ausfl\u00fcge f\u00fchrten zun\u00e4chst zu einer Stadtf\u00fchrung nach Ravensburg. Hier gab es allerlei Wissenswertes zur Stadt im Allgemeinen und zu Altstadt, Rathaus, Humpis und Markt im Besonderen zu erfahren. Weiterhin wurde der Waldburg ein Besuch abgestattet. Bis in die Heimat konnten die Besucher von dort aus wegen des Nebels zwar nicht sehen, daf\u00fcr bot die Firma \u201evom Fass\u201c eine interessante F\u00fchrung samt D\u00e9gustation, sozusagen einem \u201eProbiererle\u201c.<br><br>Der neue Bodnegger B\u00fcrgermeister Patrick S\u00f6ndgen hob die Bedeutung des Austausches f\u00fcr die Gemeinden beim Besuch hervor und unterstrich die Wichtigkeit der Austausche f\u00fcr einen andauernden Frieden in Europa. Insgesamt bekamen die Austauschsch\u00fcler eine Menge kulturelle Eindr\u00fccke mit, konnten neue Freundschaften schlie\u00dfen und erwarten die Sch\u00fcler vom Bildungszentrum dann im kommenden M\u00e4rz in ihrer Gemeinde Vouvry im Osten des Genfer Sees.<\/p>\n","protected":false},"excerpt":{"rendered":"<p>Sch\u00fcleraustausch mit Vouvry In der neunten Klasse kann man pl\u00f6tzlich jemanden am Esstisch sitzen haben, der normalerweise Franz\u00f6sisch spricht. Ein paar Monate sp\u00e4ter sitzt man dann selbst inmitten anders sprechender Menschen. Wie, wo, was? Kurzum: Es geht um den Bodnegger Sch\u00fcleraustausch mit Vouvry, der franz\u00f6sischsprachigen Gemeinde des Schweizer Kantons Wallis. Zwei Wochen waren die Sch\u00fcler*innen [&hellip;]<\/p>\n","protected":false},"author":4,"featured_media":0,"comment_status":"closed","ping_status":"closed","sticky":false,"template":"","format":"standard","meta":{"footnotes":""},"categories":[1],"tags":[],"class_list":["post-9349","post","type-post","status-publish","format-standard","hentry","category-allgemein"],"_links":{"self":[{"href":"https:\/\/www.bz-bodnegg.de\/index.php?rest_route=\/wp\/v2\/posts\/9349","targetHints":{"allow":["GET"]}}],"collection":[{"href":"https:\/\/www.bz-bodnegg.de\/index.php?rest_route=\/wp\/v2\/posts"}],"about":[{"href":"https:\/\/www.bz-bodnegg.de\/index.php?rest_route=\/wp\/v2\/types\/post"}],"author":[{"embeddable":true,"href":"https:\/\/www.bz-bodnegg.de\/index.php?rest_route=\/wp\/v2\/users\/4"}],"replies":[{"embeddable":true,"href":"https:\/\/www.bz-bodnegg.de\/index.php?rest_route=%2Fwp%2Fv2%2Fcomments&post=9349"}],"version-history":[{"count":2,"href":"https:\/\/www.bz-bodnegg.de\/index.php?rest_route=\/wp\/v2\/posts\/9349\/revisions"}],"predecessor-version":[{"id":9352,"href":"https:\/\/www.bz-bodnegg.de\/index.php?rest_route=\/wp\/v2\/posts\/9349\/revisions\/9352"}],"wp:attachment":[{"href":"https:\/\/www.bz-bodnegg.de\/index.php?rest_route=%2Fwp%2Fv2%2Fmedia&parent=9349"}],"wp:term":[{"taxonomy":"category","embeddable":true,"href":"https:\/\/www.bz-bodnegg.de\/index.php?rest_route=%2Fwp%2Fv2%2Fcategories&post=9349"},{"taxonomy":"post_tag","embeddable":true,"href":"https:\/\/www.bz-bodnegg.de\/index.php?rest_route=%2Fwp%2Fv2%2Ftags&post=9349"}],"curies":[{"name":"wp","href":"https:\/\/api.w.org\/{rel}","templated":true}]}}