{"id":9436,"date":"2022-12-12T15:54:38","date_gmt":"2022-12-12T13:54:38","guid":{"rendered":"https:\/\/www.bz-bodnegg.de\/?p=9436"},"modified":"2022-12-19T15:24:35","modified_gmt":"2022-12-19T13:24:35","slug":"nikolaus-lob-fuers-bildungszentrum","status":"publish","type":"post","link":"https:\/\/www.bz-bodnegg.de\/?p=9436","title":{"rendered":"Nikolaus\u2018 Lob f\u00fcrs Bildungszentrum<br>"},"content":{"rendered":"\n<figure class=\"wp-block-gallery has-nested-images columns-4 is-cropped wp-block-gallery-1 is-layout-flex wp-block-gallery-is-layout-flex\">\n<figure class=\"wp-block-image size-large\"><a href=\"https:\/\/www.bz-bodnegg.de\/wp-content\/uploads\/2022\/12\/IMG_1149.jpg\"><img loading=\"lazy\" decoding=\"async\" width=\"1024\" height=\"683\" data-id=\"9449\" src=\"https:\/\/www.bz-bodnegg.de\/wp-content\/uploads\/2022\/12\/IMG_1149-1024x683.jpg\" alt=\"\" class=\"wp-image-9449\" srcset=\"https:\/\/www.bz-bodnegg.de\/wp-content\/uploads\/2022\/12\/IMG_1149-1024x683.jpg 1024w, https:\/\/www.bz-bodnegg.de\/wp-content\/uploads\/2022\/12\/IMG_1149-300x200.jpg 300w, https:\/\/www.bz-bodnegg.de\/wp-content\/uploads\/2022\/12\/IMG_1149-768x512.jpg 768w, https:\/\/www.bz-bodnegg.de\/wp-content\/uploads\/2022\/12\/IMG_1149-1536x1024.jpg 1536w, https:\/\/www.bz-bodnegg.de\/wp-content\/uploads\/2022\/12\/IMG_1149-624x416.jpg 624w, https:\/\/www.bz-bodnegg.de\/wp-content\/uploads\/2022\/12\/IMG_1149.jpg 1920w\" sizes=\"auto, (max-width: 1024px) 100vw, 1024px\" \/><\/a><\/figure>\n\n\n\n<figure class=\"wp-block-image size-large\"><a href=\"https:\/\/www.bz-bodnegg.de\/wp-content\/uploads\/2022\/12\/IMG_1146.jpg\"><img loading=\"lazy\" decoding=\"async\" width=\"1024\" height=\"683\" data-id=\"9448\" src=\"https:\/\/www.bz-bodnegg.de\/wp-content\/uploads\/2022\/12\/IMG_1146-1024x683.jpg\" alt=\"\" class=\"wp-image-9448\" srcset=\"https:\/\/www.bz-bodnegg.de\/wp-content\/uploads\/2022\/12\/IMG_1146-1024x683.jpg 1024w, https:\/\/www.bz-bodnegg.de\/wp-content\/uploads\/2022\/12\/IMG_1146-300x200.jpg 300w, https:\/\/www.bz-bodnegg.de\/wp-content\/uploads\/2022\/12\/IMG_1146-768x512.jpg 768w, https:\/\/www.bz-bodnegg.de\/wp-content\/uploads\/2022\/12\/IMG_1146-1536x1024.jpg 1536w, https:\/\/www.bz-bodnegg.de\/wp-content\/uploads\/2022\/12\/IMG_1146-624x416.jpg 624w, https:\/\/www.bz-bodnegg.de\/wp-content\/uploads\/2022\/12\/IMG_1146.jpg 1920w\" sizes=\"auto, (max-width: 1024px) 100vw, 1024px\" \/><\/a><\/figure>\n\n\n\n<figure class=\"wp-block-image size-large\"><a href=\"https:\/\/www.bz-bodnegg.de\/wp-content\/uploads\/2022\/12\/IMG_1163-1.jpg\"><img loading=\"lazy\" decoding=\"async\" width=\"1024\" height=\"683\" data-id=\"9450\" src=\"https:\/\/www.bz-bodnegg.de\/wp-content\/uploads\/2022\/12\/IMG_1163-1-1024x683.jpg\" alt=\"\" class=\"wp-image-9450\" srcset=\"https:\/\/www.bz-bodnegg.de\/wp-content\/uploads\/2022\/12\/IMG_1163-1-1024x683.jpg 1024w, https:\/\/www.bz-bodnegg.de\/wp-content\/uploads\/2022\/12\/IMG_1163-1-300x200.jpg 300w, https:\/\/www.bz-bodnegg.de\/wp-content\/uploads\/2022\/12\/IMG_1163-1-768x512.jpg 768w, https:\/\/www.bz-bodnegg.de\/wp-content\/uploads\/2022\/12\/IMG_1163-1-1536x1024.jpg 1536w, https:\/\/www.bz-bodnegg.de\/wp-content\/uploads\/2022\/12\/IMG_1163-1-624x416.jpg 624w, https:\/\/www.bz-bodnegg.de\/wp-content\/uploads\/2022\/12\/IMG_1163-1.jpg 1920w\" sizes=\"auto, (max-width: 1024px) 100vw, 1024px\" \/><\/a><\/figure>\n\n\n\n<figure class=\"wp-block-image size-large\"><a href=\"https:\/\/www.bz-bodnegg.de\/wp-content\/uploads\/2022\/12\/IMG_9780.jpg\"><img loading=\"lazy\" decoding=\"async\" width=\"1024\" height=\"768\" data-id=\"9437\" src=\"https:\/\/www.bz-bodnegg.de\/wp-content\/uploads\/2022\/12\/IMG_9780-1024x768.jpg\" alt=\"\" class=\"wp-image-9437\" srcset=\"https:\/\/www.bz-bodnegg.de\/wp-content\/uploads\/2022\/12\/IMG_9780-1024x768.jpg 1024w, https:\/\/www.bz-bodnegg.de\/wp-content\/uploads\/2022\/12\/IMG_9780-300x225.jpg 300w, https:\/\/www.bz-bodnegg.de\/wp-content\/uploads\/2022\/12\/IMG_9780-768x576.jpg 768w, https:\/\/www.bz-bodnegg.de\/wp-content\/uploads\/2022\/12\/IMG_9780-1536x1152.jpg 1536w, https:\/\/www.bz-bodnegg.de\/wp-content\/uploads\/2022\/12\/IMG_9780-624x468.jpg 624w, https:\/\/www.bz-bodnegg.de\/wp-content\/uploads\/2022\/12\/IMG_9780.jpg 2016w\" sizes=\"auto, (max-width: 1024px) 100vw, 1024px\" \/><\/a><\/figure>\n<\/figure>\n\n\n\n<p>Kaum zu glauben, aber wahr: Der Nikolaus h\u00f6chstpers\u00f6nlich stattete allen Sch\u00fcler*innen am Bildungszentrum Bodnegg einen Besuch ab. Salbungsvolle Worte erhielten alle Sch\u00fcler der Real- und Werkrealschulklassen in ihrem gro\u00dfen Pausenhof, w\u00e4hrend die Grundschulklassen den Besuch ehrf\u00fcrchtig in ihrem Geb\u00e4ude empfingen.<br><br>Sehr gefallen hat dem Nikolaus, dass die Sch\u00fclerinnen zum gr\u00f6\u00dften Teil freundliche, zuvorkommende und flei\u00dfige Sch\u00fcler sind. Ein spezielles Lob erhielten zudem manche Sch\u00fcler, die sich in diesem ersten Schulhalbjahr besonders positiv hervorhoben. Jenes Lob konnte eingeheimst werden etwa durch T\u00e4tigkeiten und Eigenschaften, wie Klassensprecher, Verbesserung des Klassenklimas, Engagement in der Sch\u00fclerfirma, Solidarit\u00e4t gegen\u00fcber Mitsch\u00fclern, Verl\u00e4sslichkeit, vorbildliche Heftf\u00fchrung, Ehrlichkeit und Hilfsbereitschaft.<\/p>\n\n\n\n<!--more-->\n\n\n\n<p><br><br>Auch die Mitarbeiter erfuhren ein Lob: Die neuen Schulsekret\u00e4rinnen Frau Heyer und Frau Eberle, die sich super in ihren neuen Job eingearbeitet haben. Frau Mikolitsch, Frau W\u00e4scher und Frau Hummel, die einen prima B\u00fcchereijob erledigen und das trotz r\u00fcpelhaften Benehmens mancher St\u00f6renfriede (der ebenfalls anwesende Knecht Ruprecht erhob hierzu kurz seine Rute). Frau Fuchs f\u00fcr ihre Arbeit im Sch\u00fclercaf\u00e9 und Frau Wetzel, die aufpasst, dass im Billardraum keine Kugeln um die Ohren fliegen. Die Hausmeister Herr Ge\u00dfler und Herr Liebherr f\u00fcr allerlei Reparaturen und Instandhaltung. Die Schulsozialarbeiterin Frau Dvorski, die immer ein offenes Ohr hat. Frau Kuhn-Schwarz, die in ihrer Rolle als Berufswahlbegleiterin unerm\u00fcdlich neue Bildungspartner an die Schule holt und seit eineinhalb Jahren auch f\u00fcr die Schulsozialarbeit in der Grundschule verantwortlich ist. Herr Schupp und das ganze K\u00fcchenteam f\u00fcr t\u00e4glich frisch gekochtes Essen aus der eigenen Mensak\u00fcche.<br>Auch die Lehrer wurden in ihrer Gesamtheit f\u00fcr ihre Arbeit gelobt, die man oft nicht unmittelbar sieht, sondern erst Jahre sp\u00e4ter zum Vorschein kommt, wenn ehemalige Sch\u00fcler im Leben und Beruf erfolgreich angekommen sind.<br><br>Am Ende seines Besuchs \u00fcbergab der Nikolaus den Klassensprechern Miniaturausgaben seiner selbst in Schokoladenform f\u00fcr die jeweiligen Klassen und die angeknabberte zweite Stunde m\u00fcndete schon bald in die gro\u00dfe Pause.<br><br><\/p>\n","protected":false},"excerpt":{"rendered":"<p>Kaum zu glauben, aber wahr: Der Nikolaus h\u00f6chstpers\u00f6nlich stattete allen Sch\u00fcler*innen am Bildungszentrum Bodnegg einen Besuch ab. Salbungsvolle Worte erhielten alle Sch\u00fcler der Real- und Werkrealschulklassen in ihrem gro\u00dfen Pausenhof, w\u00e4hrend die Grundschulklassen den Besuch ehrf\u00fcrchtig in ihrem Geb\u00e4ude empfingen. Sehr gefallen hat dem Nikolaus, dass die Sch\u00fclerinnen zum gr\u00f6\u00dften Teil freundliche, zuvorkommende und flei\u00dfige [&hellip;]<\/p>\n","protected":false},"author":4,"featured_media":0,"comment_status":"closed","ping_status":"closed","sticky":false,"template":"","format":"standard","meta":{"footnotes":""},"categories":[1],"tags":[],"class_list":["post-9436","post","type-post","status-publish","format-standard","hentry","category-allgemein"],"_links":{"self":[{"href":"https:\/\/www.bz-bodnegg.de\/index.php?rest_route=\/wp\/v2\/posts\/9436","targetHints":{"allow":["GET"]}}],"collection":[{"href":"https:\/\/www.bz-bodnegg.de\/index.php?rest_route=\/wp\/v2\/posts"}],"about":[{"href":"https:\/\/www.bz-bodnegg.de\/index.php?rest_route=\/wp\/v2\/types\/post"}],"author":[{"embeddable":true,"href":"https:\/\/www.bz-bodnegg.de\/index.php?rest_route=\/wp\/v2\/users\/4"}],"replies":[{"embeddable":true,"href":"https:\/\/www.bz-bodnegg.de\/index.php?rest_route=%2Fwp%2Fv2%2Fcomments&post=9436"}],"version-history":[{"count":2,"href":"https:\/\/www.bz-bodnegg.de\/index.php?rest_route=\/wp\/v2\/posts\/9436\/revisions"}],"predecessor-version":[{"id":9452,"href":"https:\/\/www.bz-bodnegg.de\/index.php?rest_route=\/wp\/v2\/posts\/9436\/revisions\/9452"}],"wp:attachment":[{"href":"https:\/\/www.bz-bodnegg.de\/index.php?rest_route=%2Fwp%2Fv2%2Fmedia&parent=9436"}],"wp:term":[{"taxonomy":"category","embeddable":true,"href":"https:\/\/www.bz-bodnegg.de\/index.php?rest_route=%2Fwp%2Fv2%2Fcategories&post=9436"},{"taxonomy":"post_tag","embeddable":true,"href":"https:\/\/www.bz-bodnegg.de\/index.php?rest_route=%2Fwp%2Fv2%2Ftags&post=9436"}],"curies":[{"name":"wp","href":"https:\/\/api.w.org\/{rel}","templated":true}]}}