{"id":9442,"date":"2022-12-19T15:21:01","date_gmt":"2022-12-19T13:21:01","guid":{"rendered":"https:\/\/www.bz-bodnegg.de\/?p=9442"},"modified":"2022-12-29T15:13:22","modified_gmt":"2022-12-29T13:13:22","slug":"berufsorientierung-am-dienstagnachmittag-waldner-azubis-on-tour-und-ausbildungsbotschafterinnen-zu-gast-am-bzb","status":"publish","type":"post","link":"https:\/\/www.bz-bodnegg.de\/?p=9442","title":{"rendered":"Berufsorientierung am Dienstagnachmittag \u2013 Waldner Azubis on Tour und AusbildungsbotschafterInnen zu Gast am BZB"},"content":{"rendered":"\n<figure class=\"wp-block-gallery has-nested-images columns-default is-cropped wp-block-gallery-1 is-layout-flex wp-block-gallery-is-layout-flex\">\n<figure class=\"wp-block-image size-large\"><a href=\"https:\/\/www.bz-bodnegg.de\/wp-content\/uploads\/2022\/12\/20221129_140402-scaled.jpg\"><img loading=\"lazy\" decoding=\"async\" width=\"1024\" height=\"768\" data-id=\"9445\" src=\"https:\/\/www.bz-bodnegg.de\/wp-content\/uploads\/2022\/12\/20221129_140402-1024x768.jpg\" alt=\"\" class=\"wp-image-9445\" srcset=\"https:\/\/www.bz-bodnegg.de\/wp-content\/uploads\/2022\/12\/20221129_140402-1024x768.jpg 1024w, https:\/\/www.bz-bodnegg.de\/wp-content\/uploads\/2022\/12\/20221129_140402-300x225.jpg 300w, https:\/\/www.bz-bodnegg.de\/wp-content\/uploads\/2022\/12\/20221129_140402-768x576.jpg 768w, https:\/\/www.bz-bodnegg.de\/wp-content\/uploads\/2022\/12\/20221129_140402-1536x1152.jpg 1536w, https:\/\/www.bz-bodnegg.de\/wp-content\/uploads\/2022\/12\/20221129_140402-2048x1536.jpg 2048w, https:\/\/www.bz-bodnegg.de\/wp-content\/uploads\/2022\/12\/20221129_140402-624x468.jpg 624w\" sizes=\"auto, (max-width: 1024px) 100vw, 1024px\" \/><\/a><\/figure>\n\n\n\n<figure class=\"wp-block-image size-large\"><a href=\"https:\/\/www.bz-bodnegg.de\/wp-content\/uploads\/2022\/12\/20221129_150030-scaled.jpg\"><img loading=\"lazy\" decoding=\"async\" width=\"1024\" height=\"768\" data-id=\"9444\" src=\"https:\/\/www.bz-bodnegg.de\/wp-content\/uploads\/2022\/12\/20221129_150030-1024x768.jpg\" alt=\"\" class=\"wp-image-9444\" srcset=\"https:\/\/www.bz-bodnegg.de\/wp-content\/uploads\/2022\/12\/20221129_150030-1024x768.jpg 1024w, https:\/\/www.bz-bodnegg.de\/wp-content\/uploads\/2022\/12\/20221129_150030-300x225.jpg 300w, https:\/\/www.bz-bodnegg.de\/wp-content\/uploads\/2022\/12\/20221129_150030-768x576.jpg 768w, https:\/\/www.bz-bodnegg.de\/wp-content\/uploads\/2022\/12\/20221129_150030-1536x1152.jpg 1536w, https:\/\/www.bz-bodnegg.de\/wp-content\/uploads\/2022\/12\/20221129_150030-2048x1536.jpg 2048w, https:\/\/www.bz-bodnegg.de\/wp-content\/uploads\/2022\/12\/20221129_150030-624x468.jpg 624w\" sizes=\"auto, (max-width: 1024px) 100vw, 1024px\" \/><\/a><\/figure>\n\n\n\n<figure class=\"wp-block-image size-large\"><a href=\"https:\/\/www.bz-bodnegg.de\/wp-content\/uploads\/2022\/12\/20221129_141207-scaled.jpg\"><img loading=\"lazy\" decoding=\"async\" width=\"1024\" height=\"768\" data-id=\"9443\" src=\"https:\/\/www.bz-bodnegg.de\/wp-content\/uploads\/2022\/12\/20221129_141207-1024x768.jpg\" alt=\"\" class=\"wp-image-9443\" srcset=\"https:\/\/www.bz-bodnegg.de\/wp-content\/uploads\/2022\/12\/20221129_141207-1024x768.jpg 1024w, https:\/\/www.bz-bodnegg.de\/wp-content\/uploads\/2022\/12\/20221129_141207-300x225.jpg 300w, https:\/\/www.bz-bodnegg.de\/wp-content\/uploads\/2022\/12\/20221129_141207-768x576.jpg 768w, https:\/\/www.bz-bodnegg.de\/wp-content\/uploads\/2022\/12\/20221129_141207-1536x1152.jpg 1536w, https:\/\/www.bz-bodnegg.de\/wp-content\/uploads\/2022\/12\/20221129_141207-2048x1536.jpg 2048w, https:\/\/www.bz-bodnegg.de\/wp-content\/uploads\/2022\/12\/20221129_141207-624x468.jpg 624w\" sizes=\"auto, (max-width: 1024px) 100vw, 1024px\" \/><\/a><\/figure>\n<\/figure>\n\n\n\n<p>Auch dieses Jahr durften unsere Achtkl\u00e4ssler:innen der Werkrealschule G\u00e4ste an ihrem BOB-Nachmittag begr\u00fc\u00dfen, ein Nachmittag zur Berufsorientierung als Ganztagesangebot. Jeden Dienstagnachmittag werden sich Gedanken \u00fcber die berufliche Zukunft gemacht. \u201eWas soll ich blo\u00df werden?\u201c Eine gro\u00dfe Hilfe auf dem Weg zum geeigneten Berufsziel sind Besuche von Firmen, deren Azubis und MitarbeiterInnen Rede und Antwort stehen und das eine oder andere zum Anfassen und Ausprobieren dabeihaben. <\/p>\n\n\n\n<!--more-->\n\n\n\n<p>In diesem Zug war die Firma Waldner bei uns zu Gast mit dem Azubiprojekt \u201eWaldner Azubis on Tour\u201c. Unsere zwei 8. Klassen der Werkrealschule, insgesamt 30 Sch\u00fclerInnen, konnten sich gut auf die mitgebrachte Pr\u00e4sentation einlassen. Vor allem die anschlie\u00dfende Unterteilung in Kleingruppen kam gut an. Nach und nach tauten auch die sch\u00fcchternen Sch\u00fclerInnen auf und trauten sich, die mitgebrachten Objekte (z.B. eine 3D-Maus) in die eigenen H\u00e4nde zu nehmen. Der Unterschied zwischen gewerblichen, technischen und kaufm\u00e4nnischen Berufen wurde damit erfassbarer. Eine angehende Technische Produktdesignerin vertrat den technischen Bereich, ein zuk\u00fcnftiger Holzmechaniker gemeinsam mit einem Zerspanungsmechaniker in Ausbildung den gewerblichen Bereich und ein DH Student BWL den kaufm\u00e4nnischen Zweig. Vielen lieben Dank an die vier Azubis.<\/p>\n\n\n\n<p>Ein weiteres Highlight war der Besuch der AusbildungsbotschafterInnen. AusbildungsbotschafterInnen sind Auszubildende aller geregelten Ausbildungsberufe. Sie berichten an Schulen \u00fcber ihre Ausbildungen und motivieren Sch\u00fclerInnen so, sich Gedanken \u00fcber den eigenen beruflichen Weg zu machen. Sch\u00fclerInnen k\u00f6nnen sich aus erster Hand \u00fcber Ausbildungsberufe informieren. Koordiniert werden die Eins\u00e4tze der BotschafterInnen von der IHK Bodensee-Oberschwaben und der Handwerkskammer in Ulm. An dieser Stelle ein herzliches Dankesch\u00f6n an Frau Bucher von der IHK und Frau Sch\u00e4fer von der HWK f\u00fcr die tolle Zusammenarbeit und die gute Planung. Folgende Personen durften wir bei uns begr\u00fc\u00dfen:<\/p>\n\n\n\n<ul class=\"wp-block-list\">\n<li>die bereits ausgelernte Bauzeichnerin Martina von der Firma Otto Birk aus Aitrach und ihre Kollegin in Ausbildung Nina<\/li>\n\n\n\n<li>Vanessa und Max von der Firma Moosmann, die den Beruf Kaufleute im Gro\u00df- und Au\u00dfenhandel vorstellten<\/li>\n\n\n\n<li>Patrick und Paolo von der Vinzenz von Paul gGmbH, die gemeinsam die Pflegeberufe vertraten<\/li>\n\n\n\n<li>Julia von DM, die den Beruf der Drogistin vorstellte.<\/li>\n<\/ul>\n\n\n\n<p>Es lief alles absolut reibungslos und die Vortr\u00e4ge waren sehr professionell und ansprechend gestaltet, ganz gro\u00dfen Respekt vor den jungen Menschen. Die Begeisterung f\u00fcr die Berufe war bei jedem sp\u00fcrbar. Unsere Sch\u00fclerInnen konnten wirklich viel mitnehmen \u2013 Dankesch\u00f6n.<\/p>\n","protected":false},"excerpt":{"rendered":"<p>Auch dieses Jahr durften unsere Achtkl\u00e4ssler:innen der Werkrealschule G\u00e4ste an ihrem BOB-Nachmittag begr\u00fc\u00dfen, ein Nachmittag zur Berufsorientierung als Ganztagesangebot. Jeden Dienstagnachmittag werden sich Gedanken \u00fcber die berufliche Zukunft gemacht. \u201eWas soll ich blo\u00df werden?\u201c Eine gro\u00dfe Hilfe auf dem Weg zum geeigneten Berufsziel sind Besuche von Firmen, deren Azubis und MitarbeiterInnen Rede und Antwort stehen [&hellip;]<\/p>\n","protected":false},"author":4,"featured_media":0,"comment_status":"closed","ping_status":"closed","sticky":false,"template":"","format":"standard","meta":{"footnotes":""},"categories":[1],"tags":[],"class_list":["post-9442","post","type-post","status-publish","format-standard","hentry","category-allgemein"],"_links":{"self":[{"href":"https:\/\/www.bz-bodnegg.de\/index.php?rest_route=\/wp\/v2\/posts\/9442","targetHints":{"allow":["GET"]}}],"collection":[{"href":"https:\/\/www.bz-bodnegg.de\/index.php?rest_route=\/wp\/v2\/posts"}],"about":[{"href":"https:\/\/www.bz-bodnegg.de\/index.php?rest_route=\/wp\/v2\/types\/post"}],"author":[{"embeddable":true,"href":"https:\/\/www.bz-bodnegg.de\/index.php?rest_route=\/wp\/v2\/users\/4"}],"replies":[{"embeddable":true,"href":"https:\/\/www.bz-bodnegg.de\/index.php?rest_route=%2Fwp%2Fv2%2Fcomments&post=9442"}],"version-history":[{"count":2,"href":"https:\/\/www.bz-bodnegg.de\/index.php?rest_route=\/wp\/v2\/posts\/9442\/revisions"}],"predecessor-version":[{"id":9453,"href":"https:\/\/www.bz-bodnegg.de\/index.php?rest_route=\/wp\/v2\/posts\/9442\/revisions\/9453"}],"wp:attachment":[{"href":"https:\/\/www.bz-bodnegg.de\/index.php?rest_route=%2Fwp%2Fv2%2Fmedia&parent=9442"}],"wp:term":[{"taxonomy":"category","embeddable":true,"href":"https:\/\/www.bz-bodnegg.de\/index.php?rest_route=%2Fwp%2Fv2%2Fcategories&post=9442"},{"taxonomy":"post_tag","embeddable":true,"href":"https:\/\/www.bz-bodnegg.de\/index.php?rest_route=%2Fwp%2Fv2%2Ftags&post=9442"}],"curies":[{"name":"wp","href":"https:\/\/api.w.org\/{rel}","templated":true}]}}