{"id":9674,"date":"2023-02-03T15:23:52","date_gmt":"2023-02-03T13:23:52","guid":{"rendered":"https:\/\/www.bz-bodnegg.de\/?p=9674"},"modified":"2023-03-13T15:16:55","modified_gmt":"2023-03-13T13:16:55","slug":"ipad-klassen-am-bz-bodnegg","status":"publish","type":"post","link":"https:\/\/www.bz-bodnegg.de\/?p=9674","title":{"rendered":"iPad-Klassen am BZ Bodnegg"},"content":{"rendered":"\n<figure class=\"wp-block-gallery has-nested-images columns-default is-cropped wp-block-gallery-1 is-layout-flex wp-block-gallery-is-layout-flex\">\n<figure class=\"wp-block-image size-large\"><a href=\"https:\/\/www.bz-bodnegg.de\/wp-content\/uploads\/2023\/02\/4108ba25-1a4e-4a4b-a272-82e9b25c82b2.jpeg\"><img loading=\"lazy\" decoding=\"async\" width=\"1024\" height=\"768\" data-id=\"9666\" src=\"https:\/\/www.bz-bodnegg.de\/wp-content\/uploads\/2023\/02\/4108ba25-1a4e-4a4b-a272-82e9b25c82b2-1024x768.jpeg\" alt=\"\" class=\"wp-image-9666\" srcset=\"https:\/\/www.bz-bodnegg.de\/wp-content\/uploads\/2023\/02\/4108ba25-1a4e-4a4b-a272-82e9b25c82b2-1024x768.jpeg 1024w, https:\/\/www.bz-bodnegg.de\/wp-content\/uploads\/2023\/02\/4108ba25-1a4e-4a4b-a272-82e9b25c82b2-300x225.jpeg 300w, https:\/\/www.bz-bodnegg.de\/wp-content\/uploads\/2023\/02\/4108ba25-1a4e-4a4b-a272-82e9b25c82b2-768x576.jpeg 768w, https:\/\/www.bz-bodnegg.de\/wp-content\/uploads\/2023\/02\/4108ba25-1a4e-4a4b-a272-82e9b25c82b2-1536x1152.jpeg 1536w, https:\/\/www.bz-bodnegg.de\/wp-content\/uploads\/2023\/02\/4108ba25-1a4e-4a4b-a272-82e9b25c82b2-624x468.jpeg 624w, https:\/\/www.bz-bodnegg.de\/wp-content\/uploads\/2023\/02\/4108ba25-1a4e-4a4b-a272-82e9b25c82b2.jpeg 2000w\" sizes=\"auto, (max-width: 1024px) 100vw, 1024px\" \/><\/a><\/figure>\n\n\n\n<figure class=\"wp-block-image size-large\"><a href=\"https:\/\/view.genial.ly\/63d2bc9685085800122998fb\/presentation-ipad-klasse-am-bz-bodnegg\" target=\"_blank\" rel=\"noreferrer noopener\"><img loading=\"lazy\" decoding=\"async\" width=\"1024\" height=\"1024\" data-id=\"9662\" src=\"https:\/\/www.bz-bodnegg.de\/wp-content\/uploads\/2023\/02\/qr-code-ipad-klasse-1024x1024.png\" alt=\"\" class=\"wp-image-9662\" srcset=\"https:\/\/www.bz-bodnegg.de\/wp-content\/uploads\/2023\/02\/qr-code-ipad-klasse-1024x1024.png 1024w, https:\/\/www.bz-bodnegg.de\/wp-content\/uploads\/2023\/02\/qr-code-ipad-klasse-300x300.png 300w, https:\/\/www.bz-bodnegg.de\/wp-content\/uploads\/2023\/02\/qr-code-ipad-klasse-110x110.png 110w, https:\/\/www.bz-bodnegg.de\/wp-content\/uploads\/2023\/02\/qr-code-ipad-klasse-768x768.png 768w, https:\/\/www.bz-bodnegg.de\/wp-content\/uploads\/2023\/02\/qr-code-ipad-klasse-144x144.png 144w, https:\/\/www.bz-bodnegg.de\/wp-content\/uploads\/2023\/02\/qr-code-ipad-klasse-624x624.png 624w, https:\/\/www.bz-bodnegg.de\/wp-content\/uploads\/2023\/02\/qr-code-ipad-klasse.png 1083w\" sizes=\"auto, (max-width: 1024px) 100vw, 1024px\" \/><\/a><\/figure>\n\n\n\n<figure class=\"wp-block-image size-large\"><a href=\"https:\/\/www.bz-bodnegg.de\/wp-content\/uploads\/2023\/02\/x.jpg\"><img loading=\"lazy\" decoding=\"async\" width=\"690\" height=\"518\" data-id=\"9675\" src=\"https:\/\/www.bz-bodnegg.de\/wp-content\/uploads\/2023\/02\/x.jpg\" alt=\"\" class=\"wp-image-9675\" srcset=\"https:\/\/www.bz-bodnegg.de\/wp-content\/uploads\/2023\/02\/x.jpg 690w, https:\/\/www.bz-bodnegg.de\/wp-content\/uploads\/2023\/02\/x-300x225.jpg 300w, https:\/\/www.bz-bodnegg.de\/wp-content\/uploads\/2023\/02\/x-624x468.jpg 624w\" sizes=\"auto, (max-width: 690px) 100vw, 690px\" \/><\/a><\/figure>\n<\/figure>\n\n\n<div class=\"wp-block-post-date\"><time datetime=\"2023-02-03T15:23:52+02:00\">3. Februar 2023<\/time><\/div>\n\n\n<p>Ab dem kommenden Schuljahr starten wir am Bildungszentrum Bodnegg in Jahrgangsstufe 5 mit <a href=\"https:\/\/view.genial.ly\/63d2bc9685085800122998fb\/presentation-ipad-klasse-am-bz-bodnegg\" target=\"_blank\" rel=\"noreferrer noopener\">iPad-Klassen<\/a>. Der Einsatz von iPads und Laptops sowie die damit verbundene Vermittlung von digitaler Bildung geh\u00f6rt inzwischen zum allt\u00e4glichen Unterricht an unser Schule dazu.<\/p>\n\n\n\n<p>Diesen bereits vor Jahren eingeschlagenen Weg wollen wir am Bildungszentrum auch weiterhin konsequent gehen. Daher werden wir an unserer Realschule und Werkrealschule ab dem kommenden Schuljahr je eine iPad-Klasse in Form eines Pilotprojekts einrichten.<\/p>\n\n\n\n<!--more-->\n\n\n\n<p><strong>Warum haben wir uns zu diesem Schritt entschlossen und welche Vorteile sehen wir?<\/strong><\/p>\n\n\n\n<ul class=\"wp-block-list\">\n<li>Mehr Aktualit\u00e4t und Passgenauigkeit im Lernangebot<\/li>\n\n\n\n<li>Noch konsequenterer Aufbau von Medienkompetenz, auch im Sinne der Nutzung des iPads als Arbeitsger\u00e4t und nicht als Spielzeug<\/li>\n\n\n\n<li>Einsatzm\u00f6glichkeit digitalisierter Schulb\u00fccher im Unterricht, verbunden mit der Nutzung verlinkter Quellen<\/li>\n\n\n\n<li>Mehr differenziertes Arbeitsmaterial<\/li>\n\n\n\n<li>Mehr Motivation im Lernverhalten<\/li>\n\n\n\n<li>Mehr Nachhaltigkeit \u2013 weniger Papier \u2013 leichtere Schultasche (keine Angst &#8211; das Schreiben in Heften wird weiterhin einen hohen Stellenwert haben)<\/li>\n<\/ul>\n\n\n\n<p>Der sinnvolle Einsatz von iPads bietet im Unterricht gro\u00dfe Chancen, die didaktische und methodische Qualit\u00e4t des Unterrichtes nochmals anzuheben. Das iPad dient somit als \u201eWerkzeug\u201c, um die Lernprozesse des einzelnen Kindes noch erfolgreicher gestalten zu k\u00f6nnen.&nbsp;<\/p>\n\n\n\n<p>Eltern, die ihr Kind f\u00fcr kommendes Schuljahr am Bildungszentrum anmelden, k\u00f6nnen im Anmeldeformular den Wunsch nach der Aufnahme in eine iPad-Klasse angeben. In geringem Umfang k\u00f6nnen wir Leihger\u00e4te stellen, ansonsten m\u00fcssten die iPads gekauft oder finanziert werden.<\/p>\n","protected":false},"excerpt":{"rendered":"<p>Ab dem kommenden Schuljahr starten wir am Bildungszentrum Bodnegg in Jahrgangsstufe 5 mit iPad-Klassen. Der Einsatz von iPads und Laptops sowie die damit verbundene Vermittlung von digitaler Bildung geh\u00f6rt inzwischen zum allt\u00e4glichen Unterricht an unser Schule dazu. Diesen bereits vor Jahren eingeschlagenen Weg wollen wir am Bildungszentrum auch weiterhin konsequent gehen. Daher werden wir an [&hellip;]<\/p>\n","protected":false},"author":4,"featured_media":0,"comment_status":"closed","ping_status":"closed","sticky":false,"template":"","format":"standard","meta":{"footnotes":""},"categories":[1],"tags":[],"class_list":["post-9674","post","type-post","status-publish","format-standard","hentry","category-allgemein"],"_links":{"self":[{"href":"https:\/\/www.bz-bodnegg.de\/index.php?rest_route=\/wp\/v2\/posts\/9674","targetHints":{"allow":["GET"]}}],"collection":[{"href":"https:\/\/www.bz-bodnegg.de\/index.php?rest_route=\/wp\/v2\/posts"}],"about":[{"href":"https:\/\/www.bz-bodnegg.de\/index.php?rest_route=\/wp\/v2\/types\/post"}],"author":[{"embeddable":true,"href":"https:\/\/www.bz-bodnegg.de\/index.php?rest_route=\/wp\/v2\/users\/4"}],"replies":[{"embeddable":true,"href":"https:\/\/www.bz-bodnegg.de\/index.php?rest_route=%2Fwp%2Fv2%2Fcomments&post=9674"}],"version-history":[{"count":4,"href":"https:\/\/www.bz-bodnegg.de\/index.php?rest_route=\/wp\/v2\/posts\/9674\/revisions"}],"predecessor-version":[{"id":9680,"href":"https:\/\/www.bz-bodnegg.de\/index.php?rest_route=\/wp\/v2\/posts\/9674\/revisions\/9680"}],"wp:attachment":[{"href":"https:\/\/www.bz-bodnegg.de\/index.php?rest_route=%2Fwp%2Fv2%2Fmedia&parent=9674"}],"wp:term":[{"taxonomy":"category","embeddable":true,"href":"https:\/\/www.bz-bodnegg.de\/index.php?rest_route=%2Fwp%2Fv2%2Fcategories&post=9674"},{"taxonomy":"post_tag","embeddable":true,"href":"https:\/\/www.bz-bodnegg.de\/index.php?rest_route=%2Fwp%2Fv2%2Ftags&post=9674"}],"curies":[{"name":"wp","href":"https:\/\/api.w.org\/{rel}","templated":true}]}}