{"id":9728,"date":"2022-12-20T11:50:00","date_gmt":"2022-12-20T09:50:00","guid":{"rendered":"https:\/\/www.bz-bodnegg.de\/?p=9728"},"modified":"2023-02-10T11:53:28","modified_gmt":"2023-02-10T09:53:28","slug":"weihnachten-welches-weihnachten","status":"publish","type":"post","link":"https:\/\/www.bz-bodnegg.de\/?p=9728","title":{"rendered":"Weihnachten? Welches Weihnachten?"},"content":{"rendered":"\n<figure class=\"wp-block-gallery has-nested-images columns-default is-cropped wp-block-gallery-1 is-layout-flex wp-block-gallery-is-layout-flex\">\n<figure class=\"wp-block-image size-large\"><img loading=\"lazy\" decoding=\"async\" width=\"1024\" height=\"768\" data-id=\"9731\" src=\"https:\/\/www.bz-bodnegg.de\/wp-content\/uploads\/2023\/02\/IMG_2974-1024x768.jpg\" alt=\"\" class=\"wp-image-9731\" srcset=\"https:\/\/www.bz-bodnegg.de\/wp-content\/uploads\/2023\/02\/IMG_2974-1024x768.jpg 1024w, https:\/\/www.bz-bodnegg.de\/wp-content\/uploads\/2023\/02\/IMG_2974-300x225.jpg 300w, https:\/\/www.bz-bodnegg.de\/wp-content\/uploads\/2023\/02\/IMG_2974-768x576.jpg 768w, https:\/\/www.bz-bodnegg.de\/wp-content\/uploads\/2023\/02\/IMG_2974-1536x1152.jpg 1536w, https:\/\/www.bz-bodnegg.de\/wp-content\/uploads\/2023\/02\/IMG_2974-624x468.jpg 624w, https:\/\/www.bz-bodnegg.de\/wp-content\/uploads\/2023\/02\/IMG_2974.jpg 2016w\" sizes=\"auto, (max-width: 1024px) 100vw, 1024px\" \/><\/figure>\n\n\n\n<figure class=\"wp-block-image size-large\"><img loading=\"lazy\" decoding=\"async\" width=\"1024\" height=\"768\" data-id=\"9730\" src=\"https:\/\/www.bz-bodnegg.de\/wp-content\/uploads\/2023\/02\/IMG_2971-1024x768.jpg\" alt=\"\" class=\"wp-image-9730\" srcset=\"https:\/\/www.bz-bodnegg.de\/wp-content\/uploads\/2023\/02\/IMG_2971-1024x768.jpg 1024w, https:\/\/www.bz-bodnegg.de\/wp-content\/uploads\/2023\/02\/IMG_2971-300x225.jpg 300w, https:\/\/www.bz-bodnegg.de\/wp-content\/uploads\/2023\/02\/IMG_2971-768x576.jpg 768w, https:\/\/www.bz-bodnegg.de\/wp-content\/uploads\/2023\/02\/IMG_2971-1536x1152.jpg 1536w, https:\/\/www.bz-bodnegg.de\/wp-content\/uploads\/2023\/02\/IMG_2971-624x468.jpg 624w, https:\/\/www.bz-bodnegg.de\/wp-content\/uploads\/2023\/02\/IMG_2971.jpg 2016w\" sizes=\"auto, (max-width: 1024px) 100vw, 1024px\" \/><\/figure>\n\n\n\n<figure class=\"wp-block-image size-large\"><img loading=\"lazy\" decoding=\"async\" width=\"1024\" height=\"768\" data-id=\"9729\" src=\"https:\/\/www.bz-bodnegg.de\/wp-content\/uploads\/2023\/02\/IMG_2968-1024x768.jpg\" alt=\"\" class=\"wp-image-9729\" srcset=\"https:\/\/www.bz-bodnegg.de\/wp-content\/uploads\/2023\/02\/IMG_2968-1024x768.jpg 1024w, https:\/\/www.bz-bodnegg.de\/wp-content\/uploads\/2023\/02\/IMG_2968-300x225.jpg 300w, https:\/\/www.bz-bodnegg.de\/wp-content\/uploads\/2023\/02\/IMG_2968-768x576.jpg 768w, https:\/\/www.bz-bodnegg.de\/wp-content\/uploads\/2023\/02\/IMG_2968-1536x1152.jpg 1536w, https:\/\/www.bz-bodnegg.de\/wp-content\/uploads\/2023\/02\/IMG_2968-624x468.jpg 624w, https:\/\/www.bz-bodnegg.de\/wp-content\/uploads\/2023\/02\/IMG_2968.jpg 2016w\" sizes=\"auto, (max-width: 1024px) 100vw, 1024px\" \/><\/figure>\n\n\n\n<figure class=\"wp-block-image size-large\"><img loading=\"lazy\" decoding=\"async\" width=\"1024\" height=\"768\" data-id=\"9732\" src=\"https:\/\/www.bz-bodnegg.de\/wp-content\/uploads\/2023\/02\/IMG_2976-1024x768.jpg\" alt=\"\" class=\"wp-image-9732\" srcset=\"https:\/\/www.bz-bodnegg.de\/wp-content\/uploads\/2023\/02\/IMG_2976-1024x768.jpg 1024w, https:\/\/www.bz-bodnegg.de\/wp-content\/uploads\/2023\/02\/IMG_2976-300x225.jpg 300w, https:\/\/www.bz-bodnegg.de\/wp-content\/uploads\/2023\/02\/IMG_2976-768x576.jpg 768w, https:\/\/www.bz-bodnegg.de\/wp-content\/uploads\/2023\/02\/IMG_2976-1536x1152.jpg 1536w, https:\/\/www.bz-bodnegg.de\/wp-content\/uploads\/2023\/02\/IMG_2976-624x468.jpg 624w, https:\/\/www.bz-bodnegg.de\/wp-content\/uploads\/2023\/02\/IMG_2976.jpg 2016w\" sizes=\"auto, (max-width: 1024px) 100vw, 1024px\" \/><\/figure>\n\n\n\n<figure class=\"wp-block-image size-large\"><img loading=\"lazy\" decoding=\"async\" width=\"1024\" height=\"768\" data-id=\"9733\" src=\"https:\/\/www.bz-bodnegg.de\/wp-content\/uploads\/2023\/02\/IMG_2978-1024x768.jpg\" alt=\"\" class=\"wp-image-9733\" srcset=\"https:\/\/www.bz-bodnegg.de\/wp-content\/uploads\/2023\/02\/IMG_2978-1024x768.jpg 1024w, https:\/\/www.bz-bodnegg.de\/wp-content\/uploads\/2023\/02\/IMG_2978-300x225.jpg 300w, https:\/\/www.bz-bodnegg.de\/wp-content\/uploads\/2023\/02\/IMG_2978-768x576.jpg 768w, https:\/\/www.bz-bodnegg.de\/wp-content\/uploads\/2023\/02\/IMG_2978-1536x1152.jpg 1536w, https:\/\/www.bz-bodnegg.de\/wp-content\/uploads\/2023\/02\/IMG_2978-624x468.jpg 624w, https:\/\/www.bz-bodnegg.de\/wp-content\/uploads\/2023\/02\/IMG_2978.jpg 2016w\" sizes=\"auto, (max-width: 1024px) 100vw, 1024px\" \/><\/figure>\n<\/figure>\n\n\n\n<p>Unglaublich, aber wahr: Weihnachten soll ausfallen. Doch bevor erste Leser in Tr\u00e4nen ausbrechen: nicht in echt. Daf\u00fcr aber in einem Musical, das kurz vor den Weihnachtsferien von Bodnegger Sch\u00fcler*innen der f\u00fcnften und sechsten Klassen aufgef\u00fchrt wurde.<br><br>Das Musical \u201eWeihnachten f\u00e4llt aus\u201c handelt vom Weihnachtsmann Ambrosius Schneewei\u00df, der so gar keine Lust hat auf den ganzen Stress rund um Geschenke, Lametta und Lebkuchen hat. Kurzerhand schreibt er den Erdbewohnern und verk\u00fcndet eine Pause. Letztlich soll sich aber doch alles zum Guten wenden. \u00a0Die Belegschaft namens Engel und Rentiere bestehen n\u00e4mlich darauf und au\u00dferdem darf eine vergessene Familie nicht stehen gelassen werden; da sie keinen Absagebrief von Ambrosius erhielt.<br><br>In einem gemeinsamen St\u00fcck sangen und musizierten sich die Sch\u00fcler durch das Musical. Frau Obert leitete dabei den Chor aus 5ern und 6ern, w\u00e4hrend Frau Miller-Betzitza die Riege der Instrumentalisten begleitete. Am Klavier gab sich Schulleiter Herr Matt pers\u00f6nlich die Ehre. W\u00e4hrenddessen leitete Herr Dennenmoser das Schauspiel.<br><br>Insgesamt kam das Musical aus der Fachschaft Musik sehr gut beim Publikum an. Die Freunde und Verwandten spendeten gro\u00dfz\u00fcgigen Applaus, der allen K\u00fcnstlern auf der B\u00fchne und sicherlich auch mit angemessenen Dezibel dem Gastronomieteam aus Klasse 9a galt.<\/p>\n","protected":false},"excerpt":{"rendered":"<p>Unglaublich, aber wahr: Weihnachten soll ausfallen. Doch bevor erste Leser in Tr\u00e4nen ausbrechen: nicht in echt. Daf\u00fcr aber in einem Musical, das kurz vor den Weihnachtsferien von Bodnegger Sch\u00fcler*innen der f\u00fcnften und sechsten Klassen aufgef\u00fchrt wurde. Das Musical \u201eWeihnachten f\u00e4llt aus\u201c handelt vom Weihnachtsmann Ambrosius Schneewei\u00df, der so gar keine Lust hat auf den ganzen [&hellip;]<\/p>\n","protected":false},"author":4,"featured_media":0,"comment_status":"closed","ping_status":"closed","sticky":false,"template":"","format":"standard","meta":{"footnotes":""},"categories":[1],"tags":[],"class_list":["post-9728","post","type-post","status-publish","format-standard","hentry","category-allgemein"],"_links":{"self":[{"href":"https:\/\/www.bz-bodnegg.de\/index.php?rest_route=\/wp\/v2\/posts\/9728","targetHints":{"allow":["GET"]}}],"collection":[{"href":"https:\/\/www.bz-bodnegg.de\/index.php?rest_route=\/wp\/v2\/posts"}],"about":[{"href":"https:\/\/www.bz-bodnegg.de\/index.php?rest_route=\/wp\/v2\/types\/post"}],"author":[{"embeddable":true,"href":"https:\/\/www.bz-bodnegg.de\/index.php?rest_route=\/wp\/v2\/users\/4"}],"replies":[{"embeddable":true,"href":"https:\/\/www.bz-bodnegg.de\/index.php?rest_route=%2Fwp%2Fv2%2Fcomments&post=9728"}],"version-history":[{"count":1,"href":"https:\/\/www.bz-bodnegg.de\/index.php?rest_route=\/wp\/v2\/posts\/9728\/revisions"}],"predecessor-version":[{"id":9734,"href":"https:\/\/www.bz-bodnegg.de\/index.php?rest_route=\/wp\/v2\/posts\/9728\/revisions\/9734"}],"wp:attachment":[{"href":"https:\/\/www.bz-bodnegg.de\/index.php?rest_route=%2Fwp%2Fv2%2Fmedia&parent=9728"}],"wp:term":[{"taxonomy":"category","embeddable":true,"href":"https:\/\/www.bz-bodnegg.de\/index.php?rest_route=%2Fwp%2Fv2%2Fcategories&post=9728"},{"taxonomy":"post_tag","embeddable":true,"href":"https:\/\/www.bz-bodnegg.de\/index.php?rest_route=%2Fwp%2Fv2%2Ftags&post=9728"}],"curies":[{"name":"wp","href":"https:\/\/api.w.org\/{rel}","templated":true}]}}