{"id":9743,"date":"2023-02-13T10:36:35","date_gmt":"2023-02-13T08:36:35","guid":{"rendered":"https:\/\/www.bz-bodnegg.de\/?p=9743"},"modified":"2023-02-13T10:38:15","modified_gmt":"2023-02-13T08:38:15","slug":"sonderfahrt-im-neuen-elektro-gelenkbus","status":"publish","type":"post","link":"https:\/\/www.bz-bodnegg.de\/?p=9743","title":{"rendered":"Sonderfahrt im neuen Elektro-Gelenkbus"},"content":{"rendered":"\n<figure class=\"wp-block-gallery has-nested-images columns-default is-cropped wp-block-gallery-1 is-layout-flex wp-block-gallery-is-layout-flex\">\n<figure class=\"wp-block-image size-large\"><img loading=\"lazy\" decoding=\"async\" width=\"1024\" height=\"768\" data-id=\"9740\" src=\"https:\/\/www.bz-bodnegg.de\/wp-content\/uploads\/2023\/02\/P1130917-1024x768.jpg\" alt=\"\" class=\"wp-image-9740\" srcset=\"https:\/\/www.bz-bodnegg.de\/wp-content\/uploads\/2023\/02\/P1130917-1024x768.jpg 1024w, https:\/\/www.bz-bodnegg.de\/wp-content\/uploads\/2023\/02\/P1130917-300x225.jpg 300w, https:\/\/www.bz-bodnegg.de\/wp-content\/uploads\/2023\/02\/P1130917-768x576.jpg 768w, https:\/\/www.bz-bodnegg.de\/wp-content\/uploads\/2023\/02\/P1130917-1536x1152.jpg 1536w, https:\/\/www.bz-bodnegg.de\/wp-content\/uploads\/2023\/02\/P1130917-624x468.jpg 624w, https:\/\/www.bz-bodnegg.de\/wp-content\/uploads\/2023\/02\/P1130917.jpg 2048w\" sizes=\"auto, (max-width: 1024px) 100vw, 1024px\" \/><\/figure>\n\n\n\n<figure class=\"wp-block-image size-large\"><img loading=\"lazy\" decoding=\"async\" width=\"640\" height=\"480\" data-id=\"9741\" src=\"https:\/\/www.bz-bodnegg.de\/wp-content\/uploads\/2023\/02\/Tim.jpg\" alt=\"\" class=\"wp-image-9741\" srcset=\"https:\/\/www.bz-bodnegg.de\/wp-content\/uploads\/2023\/02\/Tim.jpg 640w, https:\/\/www.bz-bodnegg.de\/wp-content\/uploads\/2023\/02\/Tim-300x225.jpg 300w, https:\/\/www.bz-bodnegg.de\/wp-content\/uploads\/2023\/02\/Tim-624x468.jpg 624w\" sizes=\"auto, (max-width: 640px) 100vw, 640px\" \/><\/figure>\n<\/figure>\n\n\n<div class=\"wp-block-post-date\"><time datetime=\"2023-02-13T10:36:35+02:00\">13. Februar 2023<\/time><\/div>\n\n\n<p><strong>Inklusionsklasse 8b besucht Verkehrsbetrieb Hagmann in Ravensburg<\/strong><br>Am Mittwoch, den 14.12.22 sind wir, die Klasse 8b, wegen des Zeitungsprojekts \u201eWir lesen\u201c der Schw\u00e4bischen Zeitung mit dem Stadtbus nach Ravensburg an den Bahnhof gefahren und sind von dort zum Busunternehmen Hagmann gelaufen.<br>Als wir bei der Firma Hagmann angekommen waren, wurden wir von Frau Jungnitz vom Ravensburger Verkehrs und Versorgungsbetrieb (RVV) und dem Betriebsleiter der Firma Hagmann, Herrn Dornfeld, begr\u00fc\u00dft.<\/p>\n\n\n\n<!--more-->\n\n\n\n<p>Anschlie\u00dfend haben wir uns die B\u00fcros, die Werkstatt und die Waschanlage angeguckt. Wir bekamen viel \u00fcber das Busunternehmen erz\u00e4hlt. Als die F\u00fchrung zu Ende war, setzten wir uns in den neuen E-Bus und uns wurden viele Fragen zum Alltag eines Busfahrers sowie zur Organisation und zur Zukunft des st\u00e4dtischen Nahverkehrs beantwortet. Als alle Fragen beantwortet waren durften manche von uns noch auf dem<br>Fahrersitz Platz nehmen. Anschlie\u00dfend brachte uns der Busfahrer Herr Rehwald mit einer Elektrobus-Sonderfahrt an die Schule zur\u00fcck. In der Folge verfassten wir im Rahmen des Deutsch-Unterrichts einen Artikel f\u00fcr die Schw\u00e4bische Zeitung \u00fcber das Thema: \u201eMit dem Stadtbus Ravensburg\/Weingarten unterwegs\u201c.<br>Wir bedanken uns beim Verkehrsbetrieb Hagmann, der Schw\u00e4bischen Zeitung und dem RVV f\u00fcr diesen besonderen Vormittag. <br>Sandro: \u201eDie Firma Hagmann hat eine eigene Bus-Waschanlage. T\u00e4glich wird jeder Bus geputzt.\u201c<br>German: \u201eIn der eigenen Werkstatt werden Birnchen, \u00d6l und andere kleine<br>Reparaturen selbst erledigt.\u201c<br>Tim: \u201eEs gab einen gro\u00dfen Fernseher, auf dem alle Busse geortet wurden.\u201c<br>German: Wir wurden mit dem Elektro-Bus zur\u00fcck nach Bodnegg gebracht.\u201c<br>Tim: \u201eDie Busse werden an normalen Tankstellen getankt.\u201c<br>Tim: \u201eIch durfte auf dem Fahrersitz sitzen.\u201c<\/p>\n","protected":false},"excerpt":{"rendered":"<p>Inklusionsklasse 8b besucht Verkehrsbetrieb Hagmann in RavensburgAm Mittwoch, den 14.12.22 sind wir, die Klasse 8b, wegen des Zeitungsprojekts \u201eWir lesen\u201c der Schw\u00e4bischen Zeitung mit dem Stadtbus nach Ravensburg an den Bahnhof gefahren und sind von dort zum Busunternehmen Hagmann gelaufen.Als wir bei der Firma Hagmann angekommen waren, wurden wir von Frau Jungnitz vom Ravensburger Verkehrs [&hellip;]<\/p>\n","protected":false},"author":4,"featured_media":0,"comment_status":"closed","ping_status":"closed","sticky":false,"template":"","format":"standard","meta":{"footnotes":""},"categories":[1],"tags":[],"class_list":["post-9743","post","type-post","status-publish","format-standard","hentry","category-allgemein"],"_links":{"self":[{"href":"https:\/\/www.bz-bodnegg.de\/index.php?rest_route=\/wp\/v2\/posts\/9743","targetHints":{"allow":["GET"]}}],"collection":[{"href":"https:\/\/www.bz-bodnegg.de\/index.php?rest_route=\/wp\/v2\/posts"}],"about":[{"href":"https:\/\/www.bz-bodnegg.de\/index.php?rest_route=\/wp\/v2\/types\/post"}],"author":[{"embeddable":true,"href":"https:\/\/www.bz-bodnegg.de\/index.php?rest_route=\/wp\/v2\/users\/4"}],"replies":[{"embeddable":true,"href":"https:\/\/www.bz-bodnegg.de\/index.php?rest_route=%2Fwp%2Fv2%2Fcomments&post=9743"}],"version-history":[{"count":2,"href":"https:\/\/www.bz-bodnegg.de\/index.php?rest_route=\/wp\/v2\/posts\/9743\/revisions"}],"predecessor-version":[{"id":9746,"href":"https:\/\/www.bz-bodnegg.de\/index.php?rest_route=\/wp\/v2\/posts\/9743\/revisions\/9746"}],"wp:attachment":[{"href":"https:\/\/www.bz-bodnegg.de\/index.php?rest_route=%2Fwp%2Fv2%2Fmedia&parent=9743"}],"wp:term":[{"taxonomy":"category","embeddable":true,"href":"https:\/\/www.bz-bodnegg.de\/index.php?rest_route=%2Fwp%2Fv2%2Fcategories&post=9743"},{"taxonomy":"post_tag","embeddable":true,"href":"https:\/\/www.bz-bodnegg.de\/index.php?rest_route=%2Fwp%2Fv2%2Ftags&post=9743"}],"curies":[{"name":"wp","href":"https:\/\/api.w.org\/{rel}","templated":true}]}}